{"id":2538,"date":"2016-09-08T10:00:19","date_gmt":"2016-09-08T10:00:19","guid":{"rendered":"http:\/\/blogi.smartphoto.fi\/?p=2538"},"modified":"2017-04-05T14:25:18","modified_gmt":"2017-04-05T14:25:18","slug":"kerro-kesatarinasi-kuvin","status":"publish","type":"post","link":"https:\/\/www.smartphoto.fi\/blogi\/kerro-kesatarinasi-kuvin","title":{"rendered":"Kerro kes\u00e4tarinasi kuvin"},"content":{"rendered":"<p><em>Kes\u00e4 on valokuvaamisen aikaa. Joskus ihanilla kuvamuistoilla on\u00a0kuitenkin taipumus unohtua\u00a0kameraan tai k\u00e4nnykk\u00e4\u00e4n.\u00a0T\u00e4st\u00e4 blogista saat vinkkej\u00e4, joiden avulla\u00a0voit nauttia kes\u00e4st\u00e4 silloinkin, kun se on jo j\u00e4\u00e4nyt taakse.\u00a0<\/em><\/p>\n<div id=\"attachment_2404\" style=\"width: 690px\" class=\"wp-caption alignnone\"><a href=\"http:\/\/www.smartphoto.se\/produkter\/fotobok\" target=\"_blank\"><img loading=\"lazy\" decoding=\"async\" aria-describedby=\"caption-attachment-2404\" class=\"size-large wp-image-2404\" src=\"https:\/\/storage.googleapis.com\/smartphoto-express-production-wp-blogs-com\/12\/2016\/09\/sommarminnen-1024x683.jpg\" alt=\"Dr\u00f6m er tillbaka med en fotobok fr\u00e5n sommaren\" width=\"680\" height=\"454\" \/><\/a><p id=\"caption-attachment-2404\" class=\"wp-caption-text\">Kuvakirjan katseleminen palauttaa kes\u00e4n mieliin.<\/p><\/div>\n<p><strong>Kes\u00e4muistot kirjan kansiin<br \/>\n<\/strong>Vaikka aurinko paistaa viel\u00e4 ihanasti, ilmassa on syksyn tuntua. Pian on aika k\u00e4perty\u00e4 sohvan nurkkaan\u00a0ja uppotua hyv\u00e4\u00e4n kirjaan. Ent\u00e4 jos kirja veisi sinut hetkeksi aurinkoisiin kes\u00e4p\u00e4iviin ja kes\u00e4isiin suosikkihetkiisi? <a href=\"http:\/\/www.smartphoto.fi\/tuotteet\/kuvakirja\" target=\"_blank\">Kuvakirja<\/a>\u00a0kokoaa yhteen kes\u00e4n parhaat tuokiot, ja sit\u00e4 on hauska selailla my\u00f6s perheen ja yst\u00e4vien kanssa.<\/p>\n<blockquote><p><em>\u201dOlisihan kuvakirja kiva olemassa, mutta sen tekeminen on niin ty\u00f6l\u00e4st\u00e4!\u201d<\/em><\/p><\/blockquote>\n<p>Myytti siit\u00e4, ett\u00e4 kuvakirjan tekeminen olisi hidasta ja hankalaa, joutaa roskakoriin. Voit ladata suosikkikuvasi kamerasta,\u00a0mobiililaitteesta, tietokoneelta, Instagramista tai Facebookista smartphoton verkkosivuille osoitteeseen <a href=\"http:\/\/www.smartphoto.fi\/\" target=\"_blank\">smartphoto.fi<\/a>. Kun haluamasi kuvat ovat koossa, voit valita sivuilla olevan autofill-toiminnon ja luoda kuvakirjan yhdell\u00e4 napinpainalluksella. Autofill sijoittaa kuvat kirjan sivuille automaattisesti. Jos haluat, voit kirjoittaa kuvien viereen tarkempia tietoja kuvista, ja ellet, kirja on valmis. Voit valita eri k\u00e4ytt\u00f6tarkoituksiin erilaisia kuvakirjoja, sill\u00e4 kuvakirjan koon, formaatin, ulkoasun ja hinnan suhteen on paljon valinnanvaraa.<\/p>\n<div id=\"attachment_2408\" style=\"width: 690px\" class=\"wp-caption alignnone\"><a href=\"http:\/\/www.smartphoto.se\/produkter\/fotobok\"><img loading=\"lazy\" decoding=\"async\" aria-describedby=\"caption-attachment-2408\" class=\"size-large wp-image-2408\" src=\"https:\/\/storage.googleapis.com\/smartphoto-express-production-wp-blogs-com\/12\/2016\/09\/books_blogg_mapBlogg_flow-1024x455.jpg\" alt=\"Din sommar - din ber\u00e4ttelse\" width=\"680\" height=\"302\" \/><\/a><p id=\"caption-attachment-2408\" class=\"wp-caption-text\">Kokoa kuvakirja, joka kertoo juuri sinun kes\u00e4tarinasi.<\/p><\/div>\n<p><strong>Kuvat\u00a0kulkevat mukana<\/strong><br \/>\nEnt\u00e4 jos ajatuksesi kiit\u00e4isi kes\u00e4\u00e4n aina, kun\u00a0kaivat esiin\u00a0avaimet, katsot puhelintasi, juot kupillisen kahvia tai avaat ev\u00e4srasian?<\/p>\n<blockquote><p><em>\u201dMuistele kes\u00e4n ihania hetki\u00e4 silloinkin, kun sinulla on kiire tai arki painaa p\u00e4\u00e4lle.\u201d<\/em><\/p><\/blockquote>\n<p>smartphoton valikoimassa on paljon <a href=\"http:\/\/www.smartphoto.fi\/tuotteet\/kuvalahjat\" target=\"_blank\">kuvatuotteita<\/a>, joita voit k\u00e4ytt\u00e4\u00e4 joka p\u00e4iv\u00e4<a href=\"http:\/\/www.smartphoto.se\/produkter\/fotopresenter\" target=\"_blank\">.<\/a> Painata suosikkikuvasi <a href=\"http:\/\/www.smartphoto.fi\/tuotteet\/kuvalahjat\/mukeja\" target=\"_blank\">mukiin<\/a>, <a href=\"http:\/\/www.smartphoto.fi\/tuotteet\/kuvalahjat\/kannykka-tabletti-suojakuori\" target=\"_blank\">k\u00e4nnykk\u00e4koteloon<\/a>, <a href=\"http:\/\/www.smartphoto.fi\/tuotteet\/kuvalahjat\/avaimenpera-alumiini\" target=\"_blank\">avaimenper\u00e4\u00e4n <\/a>tai <a href=\"http:\/\/www.smartphoto.fi\/tuotteet\/kuvalahjat\/ev%C3%A4srasia\" target=\"_blank\">ev\u00e4srasian kanteen<\/a>. Jos olet jo ladannut valokuvasi sivustollemme kuvakirjaa varten, voit tehd\u00e4\u00a0uuden\u00a0tilauksen nopeasti ja helposti tietokoneelta, matkapuhelimesta tai tablettitietokoneelta.<\/p>\n<div id=\"attachment_2411\" style=\"width: 690px\" class=\"wp-caption alignnone\"><a href=\"http:\/\/www.smartphoto.se\/produkter\/fotopresenter\"><img loading=\"lazy\" decoding=\"async\" aria-describedby=\"caption-attachment-2411\" class=\"size-large wp-image-2411\" src=\"https:\/\/storage.googleapis.com\/smartphoto-express-production-wp-blogs-com\/12\/2016\/09\/SamsungGalaxyCase_Shoot_LifestyleGroup5-1024x684.jpg\" alt=\"Fotopresenter\" width=\"680\" height=\"454\" \/><\/a><p id=\"caption-attachment-2411\" class=\"wp-caption-text\">Tuo muistot osaksi arkea.<\/p><\/div>\n<p><strong>Nosta esiin ja yhdistele<\/strong><br \/>\nOlet ehk\u00e4 jo valinnut kes\u00e4kuvista ehdottomat suosikkisi?\u00a0Osa kuvista\u00a0kannattaa esitell\u00e4 n\u00e4ytt\u00e4v\u00e4sti. Kun haluat tilata aidolle <a href=\"http:\/\/www.smartphoto.fi\/tuotteet\/valokuvat-julisteet-taskukirja\/valokuvat\" target=\"_blank\">valokuvapaperille tulostettuja kuvia<\/a>,\u00a0sinulla on j\u00e4lleen monia hyvi\u00e4 vaihtoehtoja. Voit koota <a href=\"http:\/\/www.smartphoto.fi\/tuotteet\/valokuvat-julisteet-taskukirja\/nelio-kuvat\" target=\"_blank\">neli\u00f6n <\/a>muotoisista valokuvista\u00a0kuvasein\u00e4n tai pirist\u00e4\u00e4 j\u00e4\u00e4kaapin ovea <a href=\"http:\/\/www.smartphoto.fi\/tuotteet\/valokuvat-julisteet-taskukirja\/retro-kuvat\" target=\"_blank\">retrokuvilla <\/a>\u2013 kuvien valkoiseen alaan voit kirjoittaa sanan tai pari muistin virkistykseksi. Voit my\u00f6s klassisesti laittaa suosikkikuvasi kauniisiin kehyksiin.<\/p>\n<blockquote><p><em>\u201dJokainen kuva on omanlaisensa. Voit korostaa kuvan parhaita puolia valitsemalla juuri sille sopivan esitysmuodon.\u201d<\/em><\/p><\/blockquote>\n<p>smartphoton valikoimaa\u00a0on laajennettu niin, ett\u00e4 tarjolla on vaihtoehtoja kaikkiin tilanteisiin ja tarkoituksiin. Meill\u00e4 on my\u00f6s paljousalennuksia. Tartu tarjouksiin jo t\u00e4n\u00e4\u00e4n!<\/p>\n<div id=\"attachment_2412\" style=\"width: 690px\" class=\"wp-caption alignnone\"><a href=\"http:\/\/www.smartphoto.se\/produkter\/bilder-fotoforstoring-fotohaften\"><img loading=\"lazy\" decoding=\"async\" aria-describedby=\"caption-attachment-2412\" class=\"size-large wp-image-2412\" src=\"https:\/\/storage.googleapis.com\/smartphoto-express-production-wp-blogs-com\/12\/2016\/09\/StandardPrints_Shoot_Packshot2-1-1024x831.jpg\" alt=\"Framkalla dina bilder\" width=\"680\" height=\"552\" \/><\/a><p id=\"caption-attachment-2412\" class=\"wp-caption-text\">Valokuvapaperilla muistot\u00a0her\u00e4\u00e4v\u00e4t eloon.<\/p><\/div>\n<p><strong>L\u00f6yd\u00e4 uutta joka kuukausi<\/strong><br \/>\nAnoppini toivoo joka vuosi lahjaksi <a href=\"http:\/\/www.smartphoto.fi\/tuotteet\/kuvakalenterit\" target=\"_blank\">sein\u00e4kalenteria<\/a>, joka on koottu lastenlasten kuvista. H\u00e4n ei kuitenkaan heti lahjan saatuaan selaa kalenteria l\u00e4pi. Sen sijaan h\u00e4n\u00a0odottaa k\u00e4rsiv\u00e4llisesti jokaisen kuukauden vaihtumista ja esiin yll\u00e4tyksen\u00e4 ilmestyv\u00e4\u00e4 uutta kuvaa. Juuri t\u00e4m\u00e4 yksinkertainen\u00a0ominaisuus tekee kuvakalenterista\u00a0niin hienon asian: jokainen kuukausi lahjoittaa katsojalle uuden kuvamuiston.<\/p>\n<p>Sein\u00e4kalenteri toimii my\u00f6s vaihtuvana taiden\u00e4yttelyn\u00e4. Kuvakalentereista l\u00f6yd\u00e4t erilaisia kokoja ja vaihtoehtoja \u2212 sen voi ripustaa sein\u00e4lle, pit\u00e4\u00e4\u00a0p\u00f6yd\u00e4ll\u00e4 tai kantaa mukana laukussa. Koko valikoimamme l\u00f6ytyy <a href=\"http:\/\/www.smartphoto.fi\/tuotteet\/kuvakalenterit\" target=\"_blank\">t\u00e4\u00e4lt\u00e4<\/a>!<\/p>\n<div id=\"attachment_2413\" style=\"width: 690px\" class=\"wp-caption alignnone\"><a href=\"http:\/\/www.smartphoto.se\/produkter\/fotoalmanackor-agenda\"><img loading=\"lazy\" decoding=\"async\" aria-describedby=\"caption-attachment-2413\" class=\"size-large wp-image-2413\" src=\"https:\/\/storage.googleapis.com\/smartphoto-express-production-wp-blogs-com\/12\/2016\/09\/WallCalendar_Shoot_Lifestyle1-1024x683.jpg\" alt=\"Almanacka med dina bilder\" width=\"680\" height=\"454\" \/><\/a><p id=\"caption-attachment-2413\" class=\"wp-caption-text\">Personoitu kalenteri tarjoaa uutta\u00a0joka kuukausi.<\/p><\/div>\n<p>Kokoa suosikkikuvat hienoon kuvakirjaan!\u00a0Syystarjouksena annamme jopa 40 prosentin alennuksen kaikista kuvakirjoista.\u00a0<a href=\"http:\/\/www.smartphoto.fi\/syksy-kuvakirjat?epc=AU16B1C\" target=\"_blank\">Tilaa nyt!<\/a><\/p>\n<p>Nauttikaa hienoista kuvistanne!<\/p>\n<p>smartphoton Sofie<\/p>\n","protected":false},"excerpt":{"rendered":"<p>Kes\u00e4 on valokuvaamisen aikaa. Joskus ihanilla kuvamuistoilla on\u00a0kuitenkin taipumus unohtua\u00a0kameraan tai k\u00e4nnykk\u00e4\u00e4n.\u00a0T\u00e4st\u00e4 blogista saat vinkkej\u00e4, joiden avulla\u00a0voit nauttia kes\u00e4st\u00e4 silloinkin, kun se on jo j\u00e4\u00e4nyt taakse.\u00a0 Kes\u00e4muistot kirjan kansiin Vaikka aurinko paistaa viel\u00e4 ihanasti, ilmassa on syksyn tuntua. Pian on aika k\u00e4perty\u00e4 sohvan nurkkaan\u00a0ja uppotua hyv\u00e4\u00e4n kirjaan. Ent\u00e4 jos kirja veisi sinut hetkeksi aurinkoisiin kes\u00e4p\u00e4iviin ja kes\u00e4isiin suosikkihetkiisi? Kuvakirja\u00a0kokoaa yhteen kes\u00e4n parhaat tuokiot, ja sit\u00e4 on hauska selailla my\u00f6s perheen ja yst\u00e4vien kanssa. \u201dOlisihan kuvakirja kiva olemassa, mutta sen tekeminen on niin ty\u00f6l\u00e4st\u00e4!\u201d Myytti siit\u00e4, ett\u00e4 kuvakirjan tekeminen olisi hidasta ja hankalaa, joutaa roskakoriin. Voit ladata suosikkikuvasi kamerasta,\u00a0mobiililaitteesta, tietokoneelta, Instagramista<\/p>\n","protected":false},"author":1,"featured_media":2410,"comment_status":"open","ping_status":"open","sticky":false,"template":"","format":"standard","meta":{"om_disable_all_campaigns":false,"_monsterinsights_skip_tracking":false,"_monsterinsights_sitenote_active":false,"_monsterinsights_sitenote_note":"","_monsterinsights_sitenote_category":0,"footnotes":""},"categories":[5],"tags":[],"class_list":["post-2538","post","type-post","status-publish","format-standard","has-post-thumbnail","hentry","category-inspiraatio"],"yoast_head":"<!-- This site is optimized with the Yoast SEO plugin v23.8 - https:\/\/yoast.com\/wordpress\/plugins\/seo\/ -->\n<title>Kerro kes\u00e4tarinasi kuvin - smartblogi Inspiraatio - Kuvavinkit - DIY<\/title>\n<meta name=\"robots\" content=\"index, follow, max-snippet:-1, max-image-preview:large, max-video-preview:-1\" \/>\n<link rel=\"canonical\" href=\"https:\/\/www.smartphoto.fi\/blogi\/kerro-kesatarinasi-kuvin\" \/>\n<meta property=\"og:locale\" content=\"fi_FI\" \/>\n<meta property=\"og:type\" content=\"article\" \/>\n<meta property=\"og:title\" content=\"Kerro kes\u00e4tarinasi kuvin - smartblogi Inspiraatio - Kuvavinkit - DIY\" \/>\n<meta property=\"og:description\" content=\"Kes\u00e4 on valokuvaamisen aikaa. Joskus ihanilla kuvamuistoilla on\u00a0kuitenkin taipumus unohtua\u00a0kameraan tai k\u00e4nnykk\u00e4\u00e4n.\u00a0T\u00e4st\u00e4 blogista saat vinkkej\u00e4, joiden avulla\u00a0voit nauttia kes\u00e4st\u00e4 silloinkin, kun se on jo j\u00e4\u00e4nyt taakse.\u00a0 Kes\u00e4muistot kirjan kansiin Vaikka aurinko paistaa viel\u00e4 ihanasti, ilmassa on syksyn tuntua. Pian on aika k\u00e4perty\u00e4 sohvan nurkkaan\u00a0ja uppotua hyv\u00e4\u00e4n kirjaan. Ent\u00e4 jos kirja veisi sinut hetkeksi aurinkoisiin kes\u00e4p\u00e4iviin ja kes\u00e4isiin suosikkihetkiisi? Kuvakirja\u00a0kokoaa yhteen kes\u00e4n parhaat tuokiot, ja sit\u00e4 on hauska selailla my\u00f6s perheen ja yst\u00e4vien kanssa. \u201dOlisihan kuvakirja kiva olemassa, mutta sen tekeminen on niin ty\u00f6l\u00e4st\u00e4!\u201d Myytti siit\u00e4, ett\u00e4 kuvakirjan tekeminen olisi hidasta ja hankalaa, joutaa roskakoriin. Voit ladata suosikkikuvasi kamerasta,\u00a0mobiililaitteesta, tietokoneelta, Instagramista\" \/>\n<meta property=\"og:url\" content=\"\/blogi\/kerro-kesatarinasi-kuvin\" \/>\n<meta property=\"og:site_name\" content=\"smartblogi Inspiraatio - Kuvavinkit - DIY\" \/>\n<meta property=\"article:publisher\" content=\"https:\/\/www.facebook.com\/smartphotofi\" \/>\n<meta property=\"article:published_time\" content=\"2016-09-08T10:00:19+00:00\" \/>\n<meta property=\"article:modified_time\" content=\"2017-04-05T14:25:18+00:00\" \/>\n<meta property=\"og:image\" content=\"https:\/\/storage.googleapis.com\/smartphoto-express-production-wp-blogs-com\/12\/2016\/08\/84467919-1024x683.jpg\" \/>\n\t<meta property=\"og:image:width\" content=\"1024\" \/>\n\t<meta property=\"og:image:height\" content=\"683\" \/>\n\t<meta property=\"og:image:type\" content=\"image\/jpeg\" \/>\n<meta name=\"author\" content=\"admin\" \/>\n<meta name=\"twitter:card\" content=\"summary_large_image\" \/>\n<meta name=\"twitter:label1\" content=\"Written by\" \/>\n\t<meta name=\"twitter:data1\" content=\"admin\" \/>\n\t<meta name=\"twitter:label2\" content=\"Est. reading time\" \/>\n\t<meta name=\"twitter:data2\" content=\"3 minutes\" \/>\n<script type=\"application\/ld+json\" class=\"yoast-schema-graph\">{\"@context\":\"https:\/\/schema.org\",\"@graph\":[{\"@type\":\"WebPage\",\"@id\":\"\/blogi\/kerro-kesatarinasi-kuvin\",\"url\":\"https:\/\/www.smartphoto.fi\/blogi\/kerro-kesatarinasi-kuvin\",\"name\":\"Kerro kes\u00e4tarinasi kuvin - smartblogi Inspiraatio - Kuvavinkit - DIY\",\"isPartOf\":{\"@id\":\"https:\/\/www.smartphoto.fi\/blogi\/#website\"},\"primaryImageOfPage\":{\"@id\":\"https:\/\/www.smartphoto.fi\/blogi\/kerro-kesatarinasi-kuvin#primaryimage\"},\"image\":{\"@id\":\"https:\/\/www.smartphoto.fi\/blogi\/kerro-kesatarinasi-kuvin#primaryimage\"},\"thumbnailUrl\":\"https:\/\/storage.googleapis.com\/smartphoto-express-production-wp-blogs-com\/12\/2016\/08\/84467919.jpg\",\"datePublished\":\"2016-09-08T10:00:19+00:00\",\"dateModified\":\"2017-04-05T14:25:18+00:00\",\"author\":{\"@id\":\"https:\/\/www.smartphoto.fi\/blogi\/#\/schema\/person\/c256b3f50ae468ee69f4b486108c797b\"},\"breadcrumb\":{\"@id\":\"https:\/\/www.smartphoto.fi\/blogi\/kerro-kesatarinasi-kuvin#breadcrumb\"},\"inLanguage\":\"fi\",\"potentialAction\":[{\"@type\":\"ReadAction\",\"target\":[\"https:\/\/www.smartphoto.fi\/blogi\/kerro-kesatarinasi-kuvin\"]}]},{\"@type\":\"ImageObject\",\"inLanguage\":\"fi\",\"@id\":\"https:\/\/www.smartphoto.fi\/blogi\/kerro-kesatarinasi-kuvin#primaryimage\",\"url\":\"https:\/\/storage.googleapis.com\/smartphoto-express-production-wp-blogs-com\/12\/2016\/08\/84467919.jpg\",\"contentUrl\":\"https:\/\/storage.googleapis.com\/smartphoto-express-production-wp-blogs-com\/12\/2016\/08\/84467919.jpg\",\"width\":4992,\"height\":3328,\"caption\":\"Two young children walking on path holding hands\"},{\"@type\":\"BreadcrumbList\",\"@id\":\"https:\/\/www.smartphoto.fi\/blogi\/kerro-kesatarinasi-kuvin#breadcrumb\",\"itemListElement\":[{\"@type\":\"ListItem\",\"position\":1,\"name\":\"Home\",\"item\":\"\/blogi\/\"},{\"@type\":\"ListItem\",\"position\":2,\"name\":\"Kerro kes\u00e4tarinasi kuvin\"}]},{\"@type\":\"WebSite\",\"@id\":\"https:\/\/www.smartphoto.fi\/blogi\/#website\",\"url\":\"https:\/\/www.smartphoto.fi\/blogi\/\",\"name\":\"smartblogi Inspiraatio - Kuvavinkit - DIY\",\"description\":\"smartblogi Inspiraatio - Kuvavinkit - DIY\",\"potentialAction\":[{\"@type\":\"SearchAction\",\"target\":{\"@type\":\"EntryPoint\",\"urlTemplate\":\"https:\/\/www.smartphoto.fi\/blogi\/?s={search_term_string}\"},\"query-input\":{\"@type\":\"PropertyValueSpecification\",\"valueRequired\":true,\"valueName\":\"search_term_string\"}}],\"inLanguage\":\"fi\"},{\"@type\":\"Person\",\"@id\":\"https:\/\/www.smartphoto.fi\/blogi\/#\/schema\/person\/c256b3f50ae468ee69f4b486108c797b\",\"name\":\"admin\",\"image\":{\"@type\":\"ImageObject\",\"inLanguage\":\"fi\",\"@id\":\"https:\/\/www.smartphoto.fi\/blogi\/#\/schema\/person\/image\/\",\"url\":\"https:\/\/secure.gravatar.com\/avatar\/8f9488249a21b1f2cc85dc7982dc95c4?s=96&d=mm&r=g\",\"contentUrl\":\"https:\/\/secure.gravatar.com\/avatar\/8f9488249a21b1f2cc85dc7982dc95c4?s=96&d=mm&r=g\",\"caption\":\"admin\"},\"url\":\"https:\/\/www.smartphoto.fi\/blogi\/author\/admin\"}]}<\/script>\n<!-- \/ Yoast SEO plugin. -->","yoast_head_json":{"title":"Kerro kes\u00e4tarinasi kuvin - smartblogi Inspiraatio - Kuvavinkit - DIY","robots":{"index":"index","follow":"follow","max-snippet":"max-snippet:-1","max-image-preview":"max-image-preview:large","max-video-preview":"max-video-preview:-1"},"canonical":"https:\/\/www.smartphoto.fi\/blogi\/kerro-kesatarinasi-kuvin","og_locale":"fi_FI","og_type":"article","og_title":"Kerro kes\u00e4tarinasi kuvin - smartblogi Inspiraatio - Kuvavinkit - DIY","og_description":"Kes\u00e4 on valokuvaamisen aikaa. Joskus ihanilla kuvamuistoilla on\u00a0kuitenkin taipumus unohtua\u00a0kameraan tai k\u00e4nnykk\u00e4\u00e4n.\u00a0T\u00e4st\u00e4 blogista saat vinkkej\u00e4, joiden avulla\u00a0voit nauttia kes\u00e4st\u00e4 silloinkin, kun se on jo j\u00e4\u00e4nyt taakse.\u00a0 Kes\u00e4muistot kirjan kansiin Vaikka aurinko paistaa viel\u00e4 ihanasti, ilmassa on syksyn tuntua. Pian on aika k\u00e4perty\u00e4 sohvan nurkkaan\u00a0ja uppotua hyv\u00e4\u00e4n kirjaan. Ent\u00e4 jos kirja veisi sinut hetkeksi aurinkoisiin kes\u00e4p\u00e4iviin ja kes\u00e4isiin suosikkihetkiisi? Kuvakirja\u00a0kokoaa yhteen kes\u00e4n parhaat tuokiot, ja sit\u00e4 on hauska selailla my\u00f6s perheen ja yst\u00e4vien kanssa. \u201dOlisihan kuvakirja kiva olemassa, mutta sen tekeminen on niin ty\u00f6l\u00e4st\u00e4!\u201d Myytti siit\u00e4, ett\u00e4 kuvakirjan tekeminen olisi hidasta ja hankalaa, joutaa roskakoriin. Voit ladata suosikkikuvasi kamerasta,\u00a0mobiililaitteesta, tietokoneelta, Instagramista","og_url":"\/blogi\/kerro-kesatarinasi-kuvin","og_site_name":"smartblogi Inspiraatio - Kuvavinkit - DIY","article_publisher":"https:\/\/www.facebook.com\/smartphotofi","article_published_time":"2016-09-08T10:00:19+00:00","article_modified_time":"2017-04-05T14:25:18+00:00","og_image":[{"width":1024,"height":683,"url":"https:\/\/storage.googleapis.com\/smartphoto-express-production-wp-blogs-com\/12\/2016\/08\/84467919-1024x683.jpg","type":"image\/jpeg"}],"author":"admin","twitter_card":"summary_large_image","twitter_misc":{"Written by":"admin","Est. reading time":"3 minutes"},"schema":{"@context":"https:\/\/schema.org","@graph":[{"@type":"WebPage","@id":"\/blogi\/kerro-kesatarinasi-kuvin","url":"https:\/\/www.smartphoto.fi\/blogi\/kerro-kesatarinasi-kuvin","name":"Kerro kes\u00e4tarinasi kuvin - smartblogi Inspiraatio - Kuvavinkit - DIY","isPartOf":{"@id":"https:\/\/www.smartphoto.fi\/blogi\/#website"},"primaryImageOfPage":{"@id":"https:\/\/www.smartphoto.fi\/blogi\/kerro-kesatarinasi-kuvin#primaryimage"},"image":{"@id":"https:\/\/www.smartphoto.fi\/blogi\/kerro-kesatarinasi-kuvin#primaryimage"},"thumbnailUrl":"https:\/\/storage.googleapis.com\/smartphoto-express-production-wp-blogs-com\/12\/2016\/08\/84467919.jpg","datePublished":"2016-09-08T10:00:19+00:00","dateModified":"2017-04-05T14:25:18+00:00","author":{"@id":"https:\/\/www.smartphoto.fi\/blogi\/#\/schema\/person\/c256b3f50ae468ee69f4b486108c797b"},"breadcrumb":{"@id":"https:\/\/www.smartphoto.fi\/blogi\/kerro-kesatarinasi-kuvin#breadcrumb"},"inLanguage":"fi","potentialAction":[{"@type":"ReadAction","target":["https:\/\/www.smartphoto.fi\/blogi\/kerro-kesatarinasi-kuvin"]}]},{"@type":"ImageObject","inLanguage":"fi","@id":"https:\/\/www.smartphoto.fi\/blogi\/kerro-kesatarinasi-kuvin#primaryimage","url":"https:\/\/storage.googleapis.com\/smartphoto-express-production-wp-blogs-com\/12\/2016\/08\/84467919.jpg","contentUrl":"https:\/\/storage.googleapis.com\/smartphoto-express-production-wp-blogs-com\/12\/2016\/08\/84467919.jpg","width":4992,"height":3328,"caption":"Two young children walking on path holding hands"},{"@type":"BreadcrumbList","@id":"https:\/\/www.smartphoto.fi\/blogi\/kerro-kesatarinasi-kuvin#breadcrumb","itemListElement":[{"@type":"ListItem","position":1,"name":"Home","item":"\/blogi\/"},{"@type":"ListItem","position":2,"name":"Kerro kes\u00e4tarinasi kuvin"}]},{"@type":"WebSite","@id":"https:\/\/www.smartphoto.fi\/blogi\/#website","url":"https:\/\/www.smartphoto.fi\/blogi\/","name":"smartblogi Inspiraatio - Kuvavinkit - DIY","description":"smartblogi Inspiraatio - Kuvavinkit - DIY","potentialAction":[{"@type":"SearchAction","target":{"@type":"EntryPoint","urlTemplate":"https:\/\/www.smartphoto.fi\/blogi\/?s={search_term_string}"},"query-input":{"@type":"PropertyValueSpecification","valueRequired":true,"valueName":"search_term_string"}}],"inLanguage":"fi"},{"@type":"Person","@id":"https:\/\/www.smartphoto.fi\/blogi\/#\/schema\/person\/c256b3f50ae468ee69f4b486108c797b","name":"admin","image":{"@type":"ImageObject","inLanguage":"fi","@id":"https:\/\/www.smartphoto.fi\/blogi\/#\/schema\/person\/image\/","url":"https:\/\/secure.gravatar.com\/avatar\/8f9488249a21b1f2cc85dc7982dc95c4?s=96&d=mm&r=g","contentUrl":"https:\/\/secure.gravatar.com\/avatar\/8f9488249a21b1f2cc85dc7982dc95c4?s=96&d=mm&r=g","caption":"admin"},"url":"https:\/\/www.smartphoto.fi\/blogi\/author\/admin"}]}},"_links":{"self":[{"href":"https:\/\/www.smartphoto.fi\/blogi\/wp-json\/wp\/v2\/posts\/2538","targetHints":{"allow":["GET"]}}],"collection":[{"href":"https:\/\/www.smartphoto.fi\/blogi\/wp-json\/wp\/v2\/posts"}],"about":[{"href":"https:\/\/www.smartphoto.fi\/blogi\/wp-json\/wp\/v2\/types\/post"}],"author":[{"embeddable":true,"href":"https:\/\/www.smartphoto.fi\/blogi\/wp-json\/wp\/v2\/users\/1"}],"replies":[{"embeddable":true,"href":"https:\/\/www.smartphoto.fi\/blogi\/wp-json\/wp\/v2\/comments?post=2538"}],"version-history":[{"count":2,"href":"https:\/\/www.smartphoto.fi\/blogi\/wp-json\/wp\/v2\/posts\/2538\/revisions"}],"predecessor-version":[{"id":4390,"href":"https:\/\/www.smartphoto.fi\/blogi\/wp-json\/wp\/v2\/posts\/2538\/revisions\/4390"}],"wp:featuredmedia":[{"embeddable":true,"href":"https:\/\/www.smartphoto.fi\/blogi\/wp-json\/wp\/v2\/media\/2410"}],"wp:attachment":[{"href":"https:\/\/www.smartphoto.fi\/blogi\/wp-json\/wp\/v2\/media?parent=2538"}],"wp:term":[{"taxonomy":"category","embeddable":true,"href":"https:\/\/www.smartphoto.fi\/blogi\/wp-json\/wp\/v2\/categories?post=2538"},{"taxonomy":"post_tag","embeddable":true,"href":"https:\/\/www.smartphoto.fi\/blogi\/wp-json\/wp\/v2\/tags?post=2538"}],"curies":[{"name":"wp","href":"https:\/\/api.w.org\/{rel}","templated":true}]}}