{"id":4913,"date":"2017-08-29T17:52:05","date_gmt":"2017-08-29T14:52:05","guid":{"rendered":"\/blogi\/?p=4913"},"modified":"2021-12-13T11:56:25","modified_gmt":"2021-12-13T09:56:25","slug":"tervetuloa-kreativa-karin-ruotsalainen-askarteluguru-on-smartphoton-uusi-yhteistyokumppani","status":"publish","type":"post","link":"https:\/\/www.smartphoto.fi\/blogi\/tervetuloa-kreativa-karin-ruotsalainen-askarteluguru-on-smartphoton-uusi-yhteistyokumppani","title":{"rendered":"Tervetuloa, Kreativa Karin! Ruotsalainen askarteluguru on Smartphoton uusi yhteisty\u00f6kumppani"},"content":{"rendered":"<p><em>Syksyn aikana &nbsp;S<\/em><em>martphoton blogissa vierailee Karin Andersson, joka tunnetaan my\u00f6s nimell\u00e4 Kreativa Karin. Karin kertoo, miten valokuvatuotteiden avulla omista askarteluista saa helposti ja hauskasti entist\u00e4kin persoonallisempia. <\/em><\/p>\n<p>Ty\u00f6kseen askarteluekspertti Karin vet\u00e4\u00e4 alan kursseja ja kirjoittaa ohjekirjoja lapsille. H\u00e4nell\u00e4 on sormensa peliss\u00e4 my\u00f6s erilaisissa suunnittelu- ja tuotekehitysasioissa. Ruotsin televisiossakin Karin on n\u00e4hty askartelemassa.<\/p>\n<p>Syksyn mittaan Karinin ideoista saadaan nauttia t\u00e4\u00e4ll\u00e4 Smartblogissa sek\u00e4 lis\u00e4ksi Smartphoton uutiskirjeess\u00e4, Facebookissa ja Instagramissa. Pysy siis kuulolla \ud83d\ude42<\/p>\n<p><img loading=\"lazy\" decoding=\"async\" class=\"size-full wp-image-5233\" src=\"https:\/\/storage.googleapis.com\/smartphoto-express-production-wp-blogs-com\/11\/2017\/08\/Karin_st\u00e5ende_red.jpg\" alt=\"Kreativa Karin\" width=\"500\" height=\"750\"><\/p>\n<p>Karin ty\u00f6skentelee G\u00f6teborgissa omassa ateljeessaan, tarkemmin sanottuna uskomattoman hienossa askarteluty\u00f6pajassa. Asetumme tilan keskelle suuren p\u00f6yd\u00e4n \u00e4\u00e4reen keskustelemaan tulevasta yhteisty\u00f6projektista. Samalla haluan tutustua Kariniin paremmin. Ty\u00f6tila pursuaa v\u00e4rikk\u00e4it\u00e4 askartelutarvikkeita, joiden lomassa lymy\u00e4\u00e4 valmiita tuotoksia. N\u00e4ky saa luovuuden virtaamaan. T\u00e4\u00e4lt\u00e4 ei haluaisi l\u00e4hte\u00e4 lainkaan!<\/p>\n<h3><strong>Hei Karin!<\/strong><\/h3>\n<p>&#8211; Hei!<\/p>\n<h3><strong>Miten innostuit juuri askartelusta?<\/strong><\/h3>\n<p>&#8211; Olen aina pit\u00e4nyt siit\u00e4! Lapsuudenperheess\u00e4ni luovuus kukoisti, ja olen piirt\u00e4nyt ja maalannut pienest\u00e4 asti. Kolmiulotteinen tekeminen kuitenkin kutkuttaa minua eniten. Nelj\u00e4 vuotta sitten innostuin Instagramista (<a href=\"https:\/\/www.instagram.com\/kreativakarin\/\">@kreativakarin<\/a>), ja siit\u00e4 l\u00e4htien olen ollut liikkeell\u00e4 tositarkoituksella. Askartelussa vieh\u00e4tt\u00e4\u00e4 sen laaja-alaisuus: kokeiltavia tekniikoita ja materiaaleja riitt\u00e4\u00e4 loputtomiin, ja itse tekem\u00e4ll\u00e4 tavaroista saa juuri omann\u00e4k\u00f6isi\u00e4\u00e4n.<\/p>\n<h3><strong>Mist\u00e4 tarvikkeista pid\u00e4t eniten?<\/strong><\/h3>\n<p>&#8211; Olen innokas ja jopa k\u00e4rsim\u00e4t\u00f6n n\u00e4kem\u00e4\u00e4n k\u00e4tteni j\u00e4ljen, joten k\u00e4yt\u00e4n paljon spraymaalia, itseliimautuvaa sisustusmuovia ja paperia. Helppoa ja nopeaa!<\/p>\n<h3><strong>Mik\u00e4 vieh\u00e4tt\u00e4\u00e4 silm\u00e4\u00e4si?<\/strong><\/h3>\n<p>&#8211; Lastenmuoti, v\u00e4rik\u00e4s sisustus, animaatioelokuvat ja pelit, 1980-luku ja graafiset kuviot. Pid\u00e4n kirkkaista v\u00e4reist\u00e4, hauskoista ideoista ja leikkisist\u00e4 yksityiskohdista.<\/p>\n<h3><strong>Milloin sinusta tuli Kreativa Karin?<\/strong><\/h3>\n<p>&#8211; Keksin Kreativa Karinin jonkin aikaa sen j\u00e4lkeen, kun olin luonut Instagram-tilin. Halusin nimen, josta ilmenee heti, mist\u00e4 on kyse. Vahvan konseptin, joka kertoo intohimostani. Nyt olen tehnyt freelance-t\u00f6it\u00e4 Kreativa Karinina kaksi ja puoli vuotta. Oli el\u00e4m\u00e4ni paras p\u00e4\u00e4t\u00f6s irtisanoutua ja aloittaa oma bisnes.<\/p>\n<h3><strong>Mist\u00e4 saavutuksesta olet erityisen ylpe\u00e4?<\/strong><\/h3>\n<p>&#8211; Olen saavuttanut hurjan monta tavoitettani. Olen julkaissut kirjoja, tehnyt tv-t\u00f6it\u00e4 ja suunnitellut tuotteita kauppaketjulle. Pursuan ideoita, joten uusista unelmista ja tavoitteista ei ole pulaa. Ylpein olen siit\u00e4, ett\u00e4 olen onnistunut luomaan oman br\u00e4ndin ja saanut monia isoja yhteisty\u00f6kumppaneita. Iloisin olen siit\u00e4, kun joku kertoo minun her\u00e4tt\u00e4neen halun itse tekemiseen. Se l\u00e4mmitt\u00e4\u00e4 syd\u00e4nt\u00e4.<\/p>\n<h3><strong>Miten viet\u00e4t vapaap\u00e4iv\u00e4\u00e4?<\/strong><\/h3>\n<p>&#8211; Askartelemalla. Ihan totta! Se on kivointa mit\u00e4 tied\u00e4n. Tykk\u00e4\u00e4n tehd\u00e4 py\u00f6r\u00e4retki\u00e4 perheen kanssa, k\u00e4yd\u00e4 elokuvissa ja museoissa, tavata yst\u00e4vi\u00e4 ja k\u00e4yd\u00e4 lounaalla ravintoloissa.<\/p>\n<h3><strong>Mit\u00e4 ty\u00f6v\u00e4lineit\u00e4 ilman et tulisi toimeen?<\/strong><\/h3>\n<p>&#8211; Sakset ovat ehdottomasti t\u00e4rkeimm\u00e4t. Ei ole niin v\u00e4li\u00e4, millaiset ne ovat, kunhan ovat Fiskarsin. Ker\u00e4ilen saksia ja ateljeessa on niit\u00e4 varmaan viidetkymmenet. Kuumaliimapistooli on toinen elint\u00e4rke\u00e4 ty\u00f6kalu.<\/p>\n<h3><strong>Mit\u00e4 haluaisit tehd\u00e4 tulevaisuudessa?<\/strong><\/h3>\n<p>&#8211; Suunnitella lasten huonekaluja IKEAlle, tehd\u00e4 lasten- ja naistenvaatekokoelman jollekin suurelle ketjulle ja ehk\u00e4 kirjoittaa askarteluoppaan aikuisille. Graafista suunnittelua ja tuotesuunnittelua tulen jatkamaan, sill\u00e4 nautin siit\u00e4 suuresti.<\/p>\n<h3><strong>Mit\u00e4 odotat Smartphoto-yhteisty\u00f6lt\u00e4 eniten?<\/strong><\/h3>\n<p>&#8211; Kuten sanottu, minusta on ihanaa tehd\u00e4 asioista oman makuni mukaisia, ja smartphotolla on valtavasti itse muokattavia tuotteita joka tilanteeseen: kivoja juttuja vuoden eri juhliin, jouluun, t\u00f6ihin, sisustukseen, lahjaksi ja muistoksi\u2026 Ison ja vuosia alalla olleen yrityksen valikoima on valtava, ja olen ylpe\u00e4 yhteisty\u00f6st\u00e4mme. Yhdess\u00e4 teemme ihmeit\u00e4!<\/p>\n<p><img loading=\"lazy\" decoding=\"async\" class=\"size-full wp-image-5235\" src=\"https:\/\/storage.googleapis.com\/smartphoto-express-production-wp-blogs-com\/11\/2017\/08\/Karin-och-Lena3_liggandered.jpg\" alt=\"Kreativa Karin och Lena\" width=\"750\" height=\"500\"><\/p>\n<h3><strong>T\u00e4llainen on Kreativa Karin<\/strong><\/h3>\n<p>Kreativa Karin on tunnettu ruotsalainen ammattiaskartelija ja tee-se-itse-stylisti. H\u00e4n tekee t\u00f6it\u00e4 monien suuryritysten ja lehtien kanssa, on kirjoittanut askarteluoppaita lapsille ja ollut mukana monissa kotimaansa televisio-ohjelmissa. Syksyn 2017 aikana h\u00e4n antaa Smartblogissa vinkkej\u00e4 siihen, miten valokuvilla saa uutta ilmett\u00e4 sisustukseen ja omiin askarteluihin.<\/p>\n<p>Instagram: <a href=\"https:\/\/www.instagram.com\/kreativakarin\/\">@kreativakarin<\/a><br \/>\nFacebook: <a href=\"https:\/\/www.facebook.com\/kreativakarin\">Kreativa Karin<\/a><\/p>\n","protected":false},"excerpt":{"rendered":"<p>Syksyn aikana &nbsp;Smartphoton blogissa vierailee Karin Andersson, joka tunnetaan my\u00f6s nimell\u00e4 Kreativa Karin. Karin kertoo, miten valokuvatuotteiden avulla omista askarteluista saa helposti ja hauskasti entist\u00e4kin persoonallisempia. Ty\u00f6kseen askarteluekspertti Karin vet\u00e4\u00e4 alan kursseja ja kirjoittaa ohjekirjoja lapsille. H\u00e4nell\u00e4 on sormensa peliss\u00e4 my\u00f6s erilaisissa suunnittelu- ja tuotekehitysasioissa. Ruotsin televisiossakin Karin on n\u00e4hty askartelemassa. Syksyn mittaan Karinin ideoista saadaan nauttia t\u00e4\u00e4ll\u00e4 Smartblogissa sek\u00e4 lis\u00e4ksi Smartphoton uutiskirjeess\u00e4, Facebookissa ja Instagramissa. Pysy siis kuulolla \ud83d\ude42 Karin ty\u00f6skentelee G\u00f6teborgissa omassa ateljeessaan, tarkemmin sanottuna uskomattoman hienossa askarteluty\u00f6pajassa. Asetumme tilan keskelle suuren p\u00f6yd\u00e4n \u00e4\u00e4reen keskustelemaan tulevasta yhteisty\u00f6projektista. Samalla haluan tutustua Kariniin paremmin. Ty\u00f6tila pursuaa v\u00e4rikk\u00e4it\u00e4 askartelutarvikkeita, joiden lomassa<\/p>\n","protected":false},"author":1,"featured_media":4914,"comment_status":"open","ping_status":"open","sticky":false,"template":"","format":"standard","meta":{"om_disable_all_campaigns":false,"_monsterinsights_skip_tracking":false,"_monsterinsights_sitenote_active":false,"_monsterinsights_sitenote_note":"","_monsterinsights_sitenote_category":0,"footnotes":""},"categories":[4,5],"tags":[36,35],"class_list":["post-4913","post","type-post","status-publish","format-standard","has-post-thumbnail","hentry","category-askartelu","category-inspiraatio","tag-askartelu","tag-kreativa-karin"],"yoast_head":"<!-- This site is optimized with the Yoast SEO plugin v23.8 - https:\/\/yoast.com\/wordpress\/plugins\/seo\/ -->\n<title>Tervetuloa, askarteluguru Kreativa Karin! - smartblogi Inspiraatio<\/title>\n<meta name=\"description\" content=\"Syksyn aikana smartphoton blogissa vierailee ruotsalainen askarteluguru Karin Andersson eli Kreativa Karin.\" \/>\n<meta name=\"robots\" content=\"index, follow, max-snippet:-1, max-image-preview:large, max-video-preview:-1\" \/>\n<link rel=\"canonical\" href=\"https:\/\/www.smartphoto.fi\/blogi\/tervetuloa-kreativa-karin-ruotsalainen-askarteluguru-on-smartphoton-uusi-yhteistyokumppani\" \/>\n<meta property=\"og:locale\" content=\"fi_FI\" \/>\n<meta property=\"og:type\" content=\"article\" \/>\n<meta property=\"og:title\" content=\"Tervetuloa, askarteluguru Kreativa Karin! - smartblogi Inspiraatio\" \/>\n<meta property=\"og:description\" content=\"Syksyn aikana smartphoton blogissa vierailee ruotsalainen askarteluguru Karin Andersson eli Kreativa Karin.\" \/>\n<meta property=\"og:url\" content=\"\/blogi\/tervetuloa-kreativa-karin-ruotsalainen-askarteluguru-on-smartphoton-uusi-yhteistyokumppani\" \/>\n<meta property=\"og:site_name\" content=\"smartblogi Inspiraatio - Kuvavinkit - DIY\" \/>\n<meta property=\"article:publisher\" content=\"https:\/\/www.facebook.com\/smartphotofi\" \/>\n<meta property=\"article:published_time\" content=\"2017-08-29T14:52:05+00:00\" \/>\n<meta property=\"article:modified_time\" content=\"2021-12-13T09:56:25+00:00\" \/>\n<meta property=\"og:image\" content=\"https:\/\/storage.googleapis.com\/smartphoto-express-production-wp-blogs-com\/12\/2017\/08\/Karin-och-Lena_liggande_red2.jpg\" \/>\n\t<meta property=\"og:image:width\" content=\"750\" \/>\n\t<meta property=\"og:image:height\" content=\"328\" \/>\n\t<meta property=\"og:image:type\" content=\"image\/jpeg\" \/>\n<meta name=\"author\" content=\"admin\" \/>\n<meta name=\"twitter:card\" content=\"summary_large_image\" \/>\n<meta name=\"twitter:label1\" content=\"Written by\" \/>\n\t<meta name=\"twitter:data1\" content=\"admin\" \/>\n\t<meta name=\"twitter:label2\" content=\"Est. reading time\" \/>\n\t<meta name=\"twitter:data2\" content=\"3 minutes\" \/>\n<script type=\"application\/ld+json\" class=\"yoast-schema-graph\">{\"@context\":\"https:\/\/schema.org\",\"@graph\":[{\"@type\":\"WebPage\",\"@id\":\"\/blogi\/tervetuloa-kreativa-karin-ruotsalainen-askarteluguru-on-smartphoton-uusi-yhteistyokumppani\",\"url\":\"https:\/\/www.smartphoto.fi\/blogi\/tervetuloa-kreativa-karin-ruotsalainen-askarteluguru-on-smartphoton-uusi-yhteistyokumppani\",\"name\":\"Tervetuloa, askarteluguru Kreativa Karin! - smartblogi Inspiraatio\",\"isPartOf\":{\"@id\":\"https:\/\/www.smartphoto.fi\/blogi\/#website\"},\"primaryImageOfPage\":{\"@id\":\"https:\/\/www.smartphoto.fi\/blogi\/tervetuloa-kreativa-karin-ruotsalainen-askarteluguru-on-smartphoton-uusi-yhteistyokumppani#primaryimage\"},\"image\":{\"@id\":\"https:\/\/www.smartphoto.fi\/blogi\/tervetuloa-kreativa-karin-ruotsalainen-askarteluguru-on-smartphoton-uusi-yhteistyokumppani#primaryimage\"},\"thumbnailUrl\":\"https:\/\/storage.googleapis.com\/smartphoto-express-production-wp-blogs-com\/12\/2017\/08\/Karin-och-Lena_liggande_red2.jpg\",\"datePublished\":\"2017-08-29T14:52:05+00:00\",\"dateModified\":\"2021-12-13T09:56:25+00:00\",\"author\":{\"@id\":\"https:\/\/www.smartphoto.fi\/blogi\/#\/schema\/person\/c256b3f50ae468ee69f4b486108c797b\"},\"description\":\"Syksyn aikana smartphoton blogissa vierailee ruotsalainen askarteluguru Karin Andersson eli Kreativa Karin.\",\"breadcrumb\":{\"@id\":\"https:\/\/www.smartphoto.fi\/blogi\/tervetuloa-kreativa-karin-ruotsalainen-askarteluguru-on-smartphoton-uusi-yhteistyokumppani#breadcrumb\"},\"inLanguage\":\"fi\",\"potentialAction\":[{\"@type\":\"ReadAction\",\"target\":[\"https:\/\/www.smartphoto.fi\/blogi\/tervetuloa-kreativa-karin-ruotsalainen-askarteluguru-on-smartphoton-uusi-yhteistyokumppani\"]}]},{\"@type\":\"ImageObject\",\"inLanguage\":\"fi\",\"@id\":\"https:\/\/www.smartphoto.fi\/blogi\/tervetuloa-kreativa-karin-ruotsalainen-askarteluguru-on-smartphoton-uusi-yhteistyokumppani#primaryimage\",\"url\":\"https:\/\/storage.googleapis.com\/smartphoto-express-production-wp-blogs-com\/12\/2017\/08\/Karin-och-Lena_liggande_red2.jpg\",\"contentUrl\":\"https:\/\/storage.googleapis.com\/smartphoto-express-production-wp-blogs-com\/12\/2017\/08\/Karin-och-Lena_liggande_red2.jpg\",\"width\":750,\"height\":328},{\"@type\":\"BreadcrumbList\",\"@id\":\"https:\/\/www.smartphoto.fi\/blogi\/tervetuloa-kreativa-karin-ruotsalainen-askarteluguru-on-smartphoton-uusi-yhteistyokumppani#breadcrumb\",\"itemListElement\":[{\"@type\":\"ListItem\",\"position\":1,\"name\":\"Home\",\"item\":\"\/blogi\/\"},{\"@type\":\"ListItem\",\"position\":2,\"name\":\"Tervetuloa, Kreativa Karin! Ruotsalainen askarteluguru on Smartphoton uusi yhteisty\u00f6kumppani\"}]},{\"@type\":\"WebSite\",\"@id\":\"https:\/\/www.smartphoto.fi\/blogi\/#website\",\"url\":\"https:\/\/www.smartphoto.fi\/blogi\/\",\"name\":\"smartblogi Inspiraatio - Kuvavinkit - DIY\",\"description\":\"smartblogi Inspiraatio - Kuvavinkit - DIY\",\"potentialAction\":[{\"@type\":\"SearchAction\",\"target\":{\"@type\":\"EntryPoint\",\"urlTemplate\":\"https:\/\/www.smartphoto.fi\/blogi\/?s={search_term_string}\"},\"query-input\":{\"@type\":\"PropertyValueSpecification\",\"valueRequired\":true,\"valueName\":\"search_term_string\"}}],\"inLanguage\":\"fi\"},{\"@type\":\"Person\",\"@id\":\"https:\/\/www.smartphoto.fi\/blogi\/#\/schema\/person\/c256b3f50ae468ee69f4b486108c797b\",\"name\":\"admin\",\"image\":{\"@type\":\"ImageObject\",\"inLanguage\":\"fi\",\"@id\":\"https:\/\/www.smartphoto.fi\/blogi\/#\/schema\/person\/image\/\",\"url\":\"https:\/\/secure.gravatar.com\/avatar\/8f9488249a21b1f2cc85dc7982dc95c4?s=96&d=mm&r=g\",\"contentUrl\":\"https:\/\/secure.gravatar.com\/avatar\/8f9488249a21b1f2cc85dc7982dc95c4?s=96&d=mm&r=g\",\"caption\":\"admin\"},\"url\":\"https:\/\/www.smartphoto.fi\/blogi\/author\/admin\"}]}<\/script>\n<!-- \/ Yoast SEO plugin. -->","yoast_head_json":{"title":"Tervetuloa, askarteluguru Kreativa Karin! - smartblogi Inspiraatio","description":"Syksyn aikana smartphoton blogissa vierailee ruotsalainen askarteluguru Karin Andersson eli Kreativa Karin.","robots":{"index":"index","follow":"follow","max-snippet":"max-snippet:-1","max-image-preview":"max-image-preview:large","max-video-preview":"max-video-preview:-1"},"canonical":"https:\/\/www.smartphoto.fi\/blogi\/tervetuloa-kreativa-karin-ruotsalainen-askarteluguru-on-smartphoton-uusi-yhteistyokumppani","og_locale":"fi_FI","og_type":"article","og_title":"Tervetuloa, askarteluguru Kreativa Karin! - smartblogi Inspiraatio","og_description":"Syksyn aikana smartphoton blogissa vierailee ruotsalainen askarteluguru Karin Andersson eli Kreativa Karin.","og_url":"\/blogi\/tervetuloa-kreativa-karin-ruotsalainen-askarteluguru-on-smartphoton-uusi-yhteistyokumppani","og_site_name":"smartblogi Inspiraatio - Kuvavinkit - DIY","article_publisher":"https:\/\/www.facebook.com\/smartphotofi","article_published_time":"2017-08-29T14:52:05+00:00","article_modified_time":"2021-12-13T09:56:25+00:00","og_image":[{"width":750,"height":328,"url":"https:\/\/storage.googleapis.com\/smartphoto-express-production-wp-blogs-com\/12\/2017\/08\/Karin-och-Lena_liggande_red2.jpg","type":"image\/jpeg"}],"author":"admin","twitter_card":"summary_large_image","twitter_misc":{"Written by":"admin","Est. reading time":"3 minutes"},"schema":{"@context":"https:\/\/schema.org","@graph":[{"@type":"WebPage","@id":"\/blogi\/tervetuloa-kreativa-karin-ruotsalainen-askarteluguru-on-smartphoton-uusi-yhteistyokumppani","url":"https:\/\/www.smartphoto.fi\/blogi\/tervetuloa-kreativa-karin-ruotsalainen-askarteluguru-on-smartphoton-uusi-yhteistyokumppani","name":"Tervetuloa, askarteluguru Kreativa Karin! - smartblogi Inspiraatio","isPartOf":{"@id":"https:\/\/www.smartphoto.fi\/blogi\/#website"},"primaryImageOfPage":{"@id":"https:\/\/www.smartphoto.fi\/blogi\/tervetuloa-kreativa-karin-ruotsalainen-askarteluguru-on-smartphoton-uusi-yhteistyokumppani#primaryimage"},"image":{"@id":"https:\/\/www.smartphoto.fi\/blogi\/tervetuloa-kreativa-karin-ruotsalainen-askarteluguru-on-smartphoton-uusi-yhteistyokumppani#primaryimage"},"thumbnailUrl":"https:\/\/storage.googleapis.com\/smartphoto-express-production-wp-blogs-com\/12\/2017\/08\/Karin-och-Lena_liggande_red2.jpg","datePublished":"2017-08-29T14:52:05+00:00","dateModified":"2021-12-13T09:56:25+00:00","author":{"@id":"https:\/\/www.smartphoto.fi\/blogi\/#\/schema\/person\/c256b3f50ae468ee69f4b486108c797b"},"description":"Syksyn aikana smartphoton blogissa vierailee ruotsalainen askarteluguru Karin Andersson eli Kreativa Karin.","breadcrumb":{"@id":"https:\/\/www.smartphoto.fi\/blogi\/tervetuloa-kreativa-karin-ruotsalainen-askarteluguru-on-smartphoton-uusi-yhteistyokumppani#breadcrumb"},"inLanguage":"fi","potentialAction":[{"@type":"ReadAction","target":["https:\/\/www.smartphoto.fi\/blogi\/tervetuloa-kreativa-karin-ruotsalainen-askarteluguru-on-smartphoton-uusi-yhteistyokumppani"]}]},{"@type":"ImageObject","inLanguage":"fi","@id":"https:\/\/www.smartphoto.fi\/blogi\/tervetuloa-kreativa-karin-ruotsalainen-askarteluguru-on-smartphoton-uusi-yhteistyokumppani#primaryimage","url":"https:\/\/storage.googleapis.com\/smartphoto-express-production-wp-blogs-com\/12\/2017\/08\/Karin-och-Lena_liggande_red2.jpg","contentUrl":"https:\/\/storage.googleapis.com\/smartphoto-express-production-wp-blogs-com\/12\/2017\/08\/Karin-och-Lena_liggande_red2.jpg","width":750,"height":328},{"@type":"BreadcrumbList","@id":"https:\/\/www.smartphoto.fi\/blogi\/tervetuloa-kreativa-karin-ruotsalainen-askarteluguru-on-smartphoton-uusi-yhteistyokumppani#breadcrumb","itemListElement":[{"@type":"ListItem","position":1,"name":"Home","item":"\/blogi\/"},{"@type":"ListItem","position":2,"name":"Tervetuloa, Kreativa Karin! Ruotsalainen askarteluguru on Smartphoton uusi yhteisty\u00f6kumppani"}]},{"@type":"WebSite","@id":"https:\/\/www.smartphoto.fi\/blogi\/#website","url":"https:\/\/www.smartphoto.fi\/blogi\/","name":"smartblogi Inspiraatio - Kuvavinkit - DIY","description":"smartblogi Inspiraatio - Kuvavinkit - DIY","potentialAction":[{"@type":"SearchAction","target":{"@type":"EntryPoint","urlTemplate":"https:\/\/www.smartphoto.fi\/blogi\/?s={search_term_string}"},"query-input":{"@type":"PropertyValueSpecification","valueRequired":true,"valueName":"search_term_string"}}],"inLanguage":"fi"},{"@type":"Person","@id":"https:\/\/www.smartphoto.fi\/blogi\/#\/schema\/person\/c256b3f50ae468ee69f4b486108c797b","name":"admin","image":{"@type":"ImageObject","inLanguage":"fi","@id":"https:\/\/www.smartphoto.fi\/blogi\/#\/schema\/person\/image\/","url":"https:\/\/secure.gravatar.com\/avatar\/8f9488249a21b1f2cc85dc7982dc95c4?s=96&d=mm&r=g","contentUrl":"https:\/\/secure.gravatar.com\/avatar\/8f9488249a21b1f2cc85dc7982dc95c4?s=96&d=mm&r=g","caption":"admin"},"url":"https:\/\/www.smartphoto.fi\/blogi\/author\/admin"}]}},"_links":{"self":[{"href":"https:\/\/www.smartphoto.fi\/blogi\/wp-json\/wp\/v2\/posts\/4913","targetHints":{"allow":["GET"]}}],"collection":[{"href":"https:\/\/www.smartphoto.fi\/blogi\/wp-json\/wp\/v2\/posts"}],"about":[{"href":"https:\/\/www.smartphoto.fi\/blogi\/wp-json\/wp\/v2\/types\/post"}],"author":[{"embeddable":true,"href":"https:\/\/www.smartphoto.fi\/blogi\/wp-json\/wp\/v2\/users\/1"}],"replies":[{"embeddable":true,"href":"https:\/\/www.smartphoto.fi\/blogi\/wp-json\/wp\/v2\/comments?post=4913"}],"version-history":[{"count":8,"href":"https:\/\/www.smartphoto.fi\/blogi\/wp-json\/wp\/v2\/posts\/4913\/revisions"}],"predecessor-version":[{"id":7586,"href":"https:\/\/www.smartphoto.fi\/blogi\/wp-json\/wp\/v2\/posts\/4913\/revisions\/7586"}],"wp:featuredmedia":[{"embeddable":true,"href":"https:\/\/www.smartphoto.fi\/blogi\/wp-json\/wp\/v2\/media\/4914"}],"wp:attachment":[{"href":"https:\/\/www.smartphoto.fi\/blogi\/wp-json\/wp\/v2\/media?parent=4913"}],"wp:term":[{"taxonomy":"category","embeddable":true,"href":"https:\/\/www.smartphoto.fi\/blogi\/wp-json\/wp\/v2\/categories?post=4913"},{"taxonomy":"post_tag","embeddable":true,"href":"https:\/\/www.smartphoto.fi\/blogi\/wp-json\/wp\/v2\/tags?post=4913"}],"curies":[{"name":"wp","href":"https:\/\/api.w.org\/{rel}","templated":true}]}}