{"id":5495,"date":"2018-06-27T15:00:24","date_gmt":"2018-06-27T12:00:24","guid":{"rendered":"\/blogi\/?p=5495"},"modified":"2019-03-15T15:15:45","modified_gmt":"2019-03-15T13:15:45","slug":"persoonallista-elektroniikkaa","status":"publish","type":"post","link":"https:\/\/www.smartphoto.fi\/blogi\/persoonallista-elektroniikkaa","title":{"rendered":"Luo uusilla kuorilla persoonallista elektroniikkaa"},"content":{"rendered":"<p><em>Haluaisitko viimein l\u00f6yt\u00e4\u00e4 k\u00e4nnyk\u00e4llesi persoonalliset kuoret? Kuulostavatko strassit, el\u00e4inkuvat, ranskalaiset perunat tai Mikki Hiiri puhelimen kuoressa liiankin tutuilta?<\/em><\/p>\n<p>Samanlaisia kuvia ja muotoja n\u00e4kee nyky\u00e4\u00e4n l\u00e4hes jokaisessa k\u00e4nnyk\u00e4nkuoressa. Puhelimesta ja tabletista on kuitenkin tullut vuosi vuodelta yh\u00e4 henkil\u00f6kohtaisempi esine, joten on t\u00e4ysin ymm\u00e4rrett\u00e4v\u00e4\u00e4, ett\u00e4 elektroniikkaan halutaan my\u00f6s persoonallinen ulkokuori.<\/p>\n<p><a href=\"https:\/\/www.smartphoto.fi\/kuvalahjat\/kannykka-tabletti-suojakuori?utm_source=smartphoto&amp;utm_medium=blog&amp;utm_campaign=blogpost_20180627_fi\"><img loading=\"lazy\" decoding=\"async\" class=\"alignnone wp-image-5503 size-full\" src=\"https:\/\/storage.googleapis.com\/smartphoto-express-production-wp-blogs-com\/12\/2018\/06\/smartphoto-blog-0618-6.jpg\" alt=\"\" width=\"720\" height=\"480\" srcset=\"https:\/\/storage.googleapis.com\/smartphoto-express-production-wp-blogs-com\/12\/2018\/06\/smartphoto-blog-0618-6.jpg 720w, https:\/\/storage.googleapis.com\/smartphoto-express-production-wp-blogs-com\/12\/2018\/06\/smartphoto-blog-0618-6-300x200.jpg 300w\" sizes=\"auto, (max-width: 720px) 100vw, 720px\" \/><\/a><\/p>\n<h2>Personointi on trendik\u00e4st\u00e4<\/h2>\n<p>Uniikilla k\u00e4nnykk\u00e4- tai tablettikotelolla erotat puhelimesi muista \u2013 miksi et personoisi my\u00f6s toimistotarvikkeitasi hieman? Sen sijaan, ett\u00e4 pid\u00e4t kuvia perheest\u00e4si ty\u00f6p\u00f6yd\u00e4ll\u00e4 tai ilmoitustaululla, voit ikuistaa kuva-aarteesi <a href=\"https:\/\/www.smartphoto.fi\/kuvalahjat\/kannykka-tabletti-suojakuori?utm_source=smartphoto&amp;utm_medium=blog&amp;utm_campaign=blogpost_20180627_fi\">k\u00e4nnykk\u00e4koteloon<\/a>, <a href=\"https:\/\/www.smartphoto.fi\/kuvalahjat\/ergonominen-hiirimatto?utm_source=smartphoto&amp;utm_medium=blog&amp;utm_campaign=blogpost_20180627_fi\">ergonomiseen hiirimattoon<\/a> tai vaikka <a href=\"https:\/\/www.smartphoto.fi\/kuvalahjat\/kynateline?utm_source=smartphoto&amp;utm_medium=blog&amp;utm_campaign=blogpost_20180627_fi\">kyn\u00e4telineeseen<\/a>. Elektroniikkalaitteidesi ja toimistotarvikkeidesi trendikk\u00e4\u00e4seen personointiin saat apua Smartphotolta.<\/p>\n<p><a href=\"https:\/\/www.smartphoto.fi\/kuvalahjat\/kynateline?utm_source=smartphoto&amp;utm_medium=blog&amp;utm_campaign=blogpost_20180627_fi\"><img loading=\"lazy\" decoding=\"async\" class=\"alignnone wp-image-5505 size-full\" src=\"https:\/\/storage.googleapis.com\/smartphoto-express-production-wp-blogs-com\/12\/2018\/06\/smartphoto-blog-0618-2.jpg\" alt=\"\" width=\"720\" height=\"374\" srcset=\"https:\/\/storage.googleapis.com\/smartphoto-express-production-wp-blogs-com\/12\/2018\/06\/smartphoto-blog-0618-2.jpg 720w, https:\/\/storage.googleapis.com\/smartphoto-express-production-wp-blogs-com\/12\/2018\/06\/smartphoto-blog-0618-2-300x156.jpg 300w\" sizes=\"auto, (max-width: 720px) 100vw, 720px\" \/><\/a><\/p>\n<h2>Pid\u00e4 parhaat kuvasi rohkeasti esill\u00e4<\/h2>\n<p>Silloin t\u00e4ll\u00f6in tulee napattua erityisen hyv\u00e4 valokuva melkein vahingossa. Auringonlasku matkakohteessa, lemmikin suloinen ilme tai tunnelmallinen kaupunkikuva saattavat olla niin upeita, ett\u00e4 ne tekisi mieli saada my\u00f6s esille. Loistavaa kuvaa tai unohtumatonta hetke\u00e4 kannattaakin kantaa ylpeydell\u00e4. Ennen k\u00e4nnykk\u00e4aikaa rakkaimpia kuvia kannettiin mukana lompakossa ja kaivettiin rypistynein\u00e4kin n\u00e4ytille aina sopivan hetken tullen. Nyky\u00e4\u00e4n kuvat ovat piilossa k\u00e4nnyk\u00e4n uumenissa, usein monen skrollauksen takana.<\/p>\n<p><img loading=\"lazy\" decoding=\"async\" class=\"alignnone size-full wp-image-5507\" src=\"https:\/\/storage.googleapis.com\/smartphoto-express-production-wp-blogs-com\/12\/2018\/06\/smartphoto-blog-0618-4.jpg\" alt=\"\" width=\"720\" height=\"480\" srcset=\"https:\/\/storage.googleapis.com\/smartphoto-express-production-wp-blogs-com\/12\/2018\/06\/smartphoto-blog-0618-4.jpg 720w, https:\/\/storage.googleapis.com\/smartphoto-express-production-wp-blogs-com\/12\/2018\/06\/smartphoto-blog-0618-4-300x200.jpg 300w\" sizes=\"auto, (max-width: 720px) 100vw, 720px\" \/><\/p>\n<p>Kuoreen painettuna kuvat ovat aina esill\u00e4. Tablettien suojakuoreen painettu kuva taas p\u00e4\u00e4see upeasti oikeuksiinsa kuoren koon vuoksi. Designien mahdollisuudet vaihtelevat iPadin mallin mukaan. <a href=\"https:\/\/www.smartphoto.fi\/kuvalahjat\/ipad-suojakuoret?utm_source=smartphoto&amp;utm_medium=blog&amp;utm_campaign=blogpost_20180627_fi\">Suojaavan taustakuoren<\/a> lis\u00e4ksi iPadille on saatavilla my\u00f6s <a href=\"https:\/\/www.smartphoto.fi\/kuvalahjat\/ipad-smart-kotelo?utm_source=smartphoto&amp;utm_medium=blog&amp;utm_campaign=blogpost_20180627_fi\">taittuva suojus<\/a> sek\u00e4 <a href=\"https:\/\/www.smartphoto.fi\/kuvalahjat\/ipad-kotelo?utm_source=smartphoto&amp;utm_medium=blog&amp;utm_campaign=blogpost_20180627_fi\">pehme\u00e4, suojaava kotelo<\/a>.<\/p>\n<p>Miksi et siis teett\u00e4isi rakkaimmista kuvistasi k\u00e4nnykk\u00e4koteloa tai suojaa iPadille? Sit\u00e4 paitsi kuorien suunnittelu on todella hauskaa!<\/p>\n<p><a href=\"https:\/\/www.smartphoto.fi\/kuvalahjat\/ipad-suojakuoret?utm_source=smartphoto&amp;utm_medium=blog&amp;utm_campaign=blogpost_20180627_fi\"><img loading=\"lazy\" decoding=\"async\" class=\"alignnone wp-image-5508 size-full\" src=\"https:\/\/storage.googleapis.com\/smartphoto-express-production-wp-blogs-com\/12\/2018\/06\/smartphoto-blog-0618-5.jpg\" alt=\"\" width=\"720\" height=\"480\" srcset=\"https:\/\/storage.googleapis.com\/smartphoto-express-production-wp-blogs-com\/12\/2018\/06\/smartphoto-blog-0618-5.jpg 720w, https:\/\/storage.googleapis.com\/smartphoto-express-production-wp-blogs-com\/12\/2018\/06\/smartphoto-blog-0618-5-300x200.jpg 300w\" sizes=\"auto, (max-width: 720px) 100vw, 720px\" \/><\/a><\/p>\n<h2>Suunnittele juuri sellaiset kuoret kuin haluat<\/h2>\n<p>Voit suunnitella k\u00e4nnykk\u00e4kotelostasi Smartphoton suunnitteluohjelmalla raikkaan ja persoonallisen: koteloon voi lis\u00e4t\u00e4 teksti\u00e4 ja asetella useampiakin kuvia. Erilaisia designeja on kymmeni\u00e4, joten l\u00f6yd\u00e4t varmasti mieluisan vaihtoehdon. Kuorimalleja l\u00f6ytyy <a href=\"https:\/\/www.smartphoto.fi\/kuvalahjat\/iphone-suojakuoret?utm_source=smartphoto&amp;utm_medium=blog&amp;utm_campaign=blogpost_20180627_fi\">iPhonelle<\/a>, <a href=\"https:\/\/www.smartphoto.fi\/kuvalahjat\/samsung-galaxy-suojakuoret?utm_source=smartphoto&amp;utm_medium=blog&amp;utm_campaign=blogpost_20180627_fi\">Samsungille<\/a>, <a href=\"https:\/\/www.smartphoto.fi\/kuvalahjat\/google-pixel-suojakuoret?utm_source=smartphoto&amp;utm_medium=blog&amp;utm_campaign=blogpost_20180627_fi\">Google Pixelille<\/a> ja <a href=\"https:\/\/www.smartphoto.fi\/kuvalahjat\/huawei-suojakuoret?utm_source=smartphoto&amp;utm_medium=blog&amp;utm_campaign=blogpost_20180627_fi\">Huaweille<\/a>. Perinteisten kovien kuorien lis\u00e4ksi Smartphotolta l\u00f6ytyy sek\u00e4 <a href=\"https:\/\/www.smartphoto.fi\/kuvalahjat\/iphone-kannykkalompakko?utm_source=smartphoto&amp;utm_medium=blog&amp;utm_campaign=blogpost_20180627_fi\">iPhonelle<\/a> ett\u00e4 <a href=\"https:\/\/www.smartphoto.fi\/kuvalahjat\/samsung-kannykkalompakko?utm_source=smartphoto&amp;utm_medium=blog&amp;utm_campaign=blogpost_20180627_fi\">Samsungille<\/a>\u00a0my\u00f6s k\u00e4nnykk\u00e4lompakko, joka sis\u00e4lt\u00e4\u00e4 kaksi luottokorttitaskua sek\u00e4 kovakantisen puhelinkotelon magneettikiinnityksell\u00e4. Erikoisuutena Smartphotolla on &#8211; my\u00f6s <a href=\"https:\/\/www.smartphoto.fi\/kuvalahjat\/iphone-bumper-suojakuori?utm_source=smartphoto&amp;utm_medium=blog&amp;utm_campaign=blogpost_20180627_fi\">iPhonelle<\/a> ja <a href=\"https:\/\/www.smartphoto.fi\/kuvalahjat\/samsung-bumper-suojakuori?utm_source=smartphoto&amp;utm_medium=blog&amp;utm_campaign=blogpost_20180627_fi\">Samsungille<\/a> &#8211; bumper-suojakuori, joka on kova suojakuori kumisella asettimella. Se on eritt\u00e4in kest\u00e4v\u00e4, naarmuuntumaton ja UV-s\u00e4teit\u00e4 kest\u00e4v\u00e4 synteettinen kuori kiilt\u00e4v\u00e4ll\u00e4 viimeistelyll\u00e4.\u00a0Kaikki tablettien ja k\u00e4nnyk\u00f6iden kotelot l\u00f6yd\u00e4t <a href=\"https:\/\/www.smartphoto.fi\/kuvalahjat\/kannykka-tabletti-suojakuori?utm_source=smartphoto&amp;utm_medium=blog&amp;utm_campaign=blogpost_20180627_fi\">t\u00e4\u00e4lt\u00e4.<\/a><\/p>\n<p>Lis\u00e4\u00e4 ideoita arkitavaroiden personointiin l\u00f6yd\u00e4t <a href=\"https:\/\/www.smartphoto.fi\/tuotteet\/productselectionpage?productcategories=fun_ideas&amp;tags=forwhere.onthego&amp;utm_source=smartphoto&amp;utm_medium=blog&amp;utm_campaign=blogpost_20180627_fi\">t\u00e4\u00e4lt\u00e4<\/a>.<\/p>\n<p>&nbsp;<\/p>\n","protected":false},"excerpt":{"rendered":"<p>Haluaisitko viimein l\u00f6yt\u00e4\u00e4 k\u00e4nnyk\u00e4llesi persoonalliset kuoret? Kuulostavatko strassit, el\u00e4inkuvat, ranskalaiset perunat tai Mikki Hiiri puhelimen kuoressa liiankin tutuilta? Samanlaisia kuvia ja muotoja n\u00e4kee nyky\u00e4\u00e4n l\u00e4hes jokaisessa k\u00e4nnyk\u00e4nkuoressa. Puhelimesta ja tabletista on kuitenkin tullut vuosi vuodelta yh\u00e4 henkil\u00f6kohtaisempi esine, joten on t\u00e4ysin ymm\u00e4rrett\u00e4v\u00e4\u00e4, ett\u00e4 elektroniikkaan halutaan my\u00f6s persoonallinen ulkokuori. Personointi on trendik\u00e4st\u00e4 Uniikilla k\u00e4nnykk\u00e4- tai tablettikotelolla erotat puhelimesi muista \u2013 miksi et personoisi my\u00f6s toimistotarvikkeitasi hieman? Sen sijaan, ett\u00e4 pid\u00e4t kuvia perheest\u00e4si ty\u00f6p\u00f6yd\u00e4ll\u00e4 tai ilmoitustaululla, voit ikuistaa kuva-aarteesi k\u00e4nnykk\u00e4koteloon, ergonomiseen hiirimattoon tai vaikka kyn\u00e4telineeseen. Elektroniikkalaitteidesi ja toimistotarvikkeidesi trendikk\u00e4\u00e4seen personointiin saat apua Smartphotolta. Pid\u00e4 parhaat kuvasi rohkeasti esill\u00e4 Silloin t\u00e4ll\u00f6in tulee napattua<\/p>\n","protected":false},"author":29,"featured_media":5504,"comment_status":"open","ping_status":"open","sticky":false,"template":"","format":"standard","meta":{"om_disable_all_campaigns":false,"_monsterinsights_skip_tracking":false,"_monsterinsights_sitenote_active":false,"_monsterinsights_sitenote_note":"","_monsterinsights_sitenote_category":0,"footnotes":""},"categories":[5,7],"tags":[73,10,14,42,33,20,72,74],"class_list":["post-5495","post","type-post","status-publish","format-standard","has-post-thumbnail","hentry","category-inspiraatio","category-sisustus-koristelu","tag-kannykka","tag-koristeet","tag-kuvalahjat","tag-kuvavinkit","tag-lomamuistot","tag-matkamuistot","tag-suojakuori","tag-tabletti"],"yoast_head":"<!-- This site is optimized with the Yoast SEO plugin v23.8 - https:\/\/yoast.com\/wordpress\/plugins\/seo\/ -->\n<title>Suunnittele omat kuoret puhelimelle tai tabletille<\/title>\n<meta name=\"description\" content=\"Haluaisitko l\u00f6yt\u00e4\u00e4 k\u00e4nnyk\u00e4llesi persoonalliset kuoret? Suunnittele Smartphotolla k\u00e4nnyk\u00e4lle tai tabletille juuri sellaiset kuoret kuin haluat!\" \/>\n<meta name=\"robots\" content=\"index, follow, max-snippet:-1, max-image-preview:large, max-video-preview:-1\" \/>\n<link rel=\"canonical\" href=\"https:\/\/www.smartphoto.fi\/blogi\/persoonallista-elektroniikkaa\" \/>\n<meta property=\"og:locale\" content=\"fi_FI\" \/>\n<meta property=\"og:type\" content=\"article\" \/>\n<meta property=\"og:title\" content=\"Suunnittele omat kuoret puhelimelle tai tabletille\" \/>\n<meta property=\"og:description\" content=\"Haluaisitko l\u00f6yt\u00e4\u00e4 k\u00e4nnyk\u00e4llesi persoonalliset kuoret? Suunnittele Smartphotolla k\u00e4nnyk\u00e4lle tai tabletille juuri sellaiset kuoret kuin haluat!\" \/>\n<meta property=\"og:url\" content=\"\/blogi\/persoonallista-elektroniikkaa\" \/>\n<meta property=\"og:site_name\" content=\"smartblogi Inspiraatio - Kuvavinkit - DIY\" \/>\n<meta property=\"article:publisher\" content=\"https:\/\/www.facebook.com\/smartphotofi\" \/>\n<meta property=\"article:published_time\" content=\"2018-06-27T12:00:24+00:00\" \/>\n<meta property=\"article:modified_time\" content=\"2019-03-15T13:15:45+00:00\" \/>\n<meta property=\"og:image\" content=\"https:\/\/storage.googleapis.com\/smartphoto-express-production-wp-blogs-com\/12\/2018\/06\/smartphoto-blog-0618-1.jpg\" \/>\n\t<meta property=\"og:image:width\" content=\"720\" \/>\n\t<meta property=\"og:image:height\" content=\"320\" \/>\n\t<meta property=\"og:image:type\" content=\"image\/jpeg\" \/>\n<meta name=\"author\" content=\"Aino\" \/>\n<meta name=\"twitter:card\" content=\"summary_large_image\" \/>\n<meta name=\"twitter:label1\" content=\"Written by\" \/>\n\t<meta name=\"twitter:data1\" content=\"Aino\" \/>\n\t<meta name=\"twitter:label2\" content=\"Est. reading time\" \/>\n\t<meta name=\"twitter:data2\" content=\"2 minutes\" \/>\n<script type=\"application\/ld+json\" class=\"yoast-schema-graph\">{\"@context\":\"https:\/\/schema.org\",\"@graph\":[{\"@type\":\"WebPage\",\"@id\":\"\/blogi\/persoonallista-elektroniikkaa\",\"url\":\"https:\/\/www.smartphoto.fi\/blogi\/persoonallista-elektroniikkaa\",\"name\":\"Suunnittele omat kuoret puhelimelle tai tabletille\",\"isPartOf\":{\"@id\":\"https:\/\/www.smartphoto.fi\/blogi\/#website\"},\"primaryImageOfPage\":{\"@id\":\"https:\/\/www.smartphoto.fi\/blogi\/persoonallista-elektroniikkaa#primaryimage\"},\"image\":{\"@id\":\"https:\/\/www.smartphoto.fi\/blogi\/persoonallista-elektroniikkaa#primaryimage\"},\"thumbnailUrl\":\"https:\/\/storage.googleapis.com\/smartphoto-express-production-wp-blogs-com\/12\/2018\/06\/smartphoto-blog-0618-1.jpg\",\"datePublished\":\"2018-06-27T12:00:24+00:00\",\"dateModified\":\"2019-03-15T13:15:45+00:00\",\"author\":{\"@id\":\"https:\/\/www.smartphoto.fi\/blogi\/#\/schema\/person\/be6a4052183a15357b08663417304f73\"},\"description\":\"Haluaisitko l\u00f6yt\u00e4\u00e4 k\u00e4nnyk\u00e4llesi persoonalliset kuoret? Suunnittele Smartphotolla k\u00e4nnyk\u00e4lle tai tabletille juuri sellaiset kuoret kuin haluat!\",\"breadcrumb\":{\"@id\":\"https:\/\/www.smartphoto.fi\/blogi\/persoonallista-elektroniikkaa#breadcrumb\"},\"inLanguage\":\"fi\",\"potentialAction\":[{\"@type\":\"ReadAction\",\"target\":[\"https:\/\/www.smartphoto.fi\/blogi\/persoonallista-elektroniikkaa\"]}]},{\"@type\":\"ImageObject\",\"inLanguage\":\"fi\",\"@id\":\"https:\/\/www.smartphoto.fi\/blogi\/persoonallista-elektroniikkaa#primaryimage\",\"url\":\"https:\/\/storage.googleapis.com\/smartphoto-express-production-wp-blogs-com\/12\/2018\/06\/smartphoto-blog-0618-1.jpg\",\"contentUrl\":\"https:\/\/storage.googleapis.com\/smartphoto-express-production-wp-blogs-com\/12\/2018\/06\/smartphoto-blog-0618-1.jpg\",\"width\":720,\"height\":320},{\"@type\":\"BreadcrumbList\",\"@id\":\"https:\/\/www.smartphoto.fi\/blogi\/persoonallista-elektroniikkaa#breadcrumb\",\"itemListElement\":[{\"@type\":\"ListItem\",\"position\":1,\"name\":\"Home\",\"item\":\"\/blogi\/\"},{\"@type\":\"ListItem\",\"position\":2,\"name\":\"Luo uusilla kuorilla persoonallista elektroniikkaa\"}]},{\"@type\":\"WebSite\",\"@id\":\"https:\/\/www.smartphoto.fi\/blogi\/#website\",\"url\":\"https:\/\/www.smartphoto.fi\/blogi\/\",\"name\":\"smartblogi Inspiraatio - Kuvavinkit - DIY\",\"description\":\"smartblogi Inspiraatio - Kuvavinkit - DIY\",\"potentialAction\":[{\"@type\":\"SearchAction\",\"target\":{\"@type\":\"EntryPoint\",\"urlTemplate\":\"https:\/\/www.smartphoto.fi\/blogi\/?s={search_term_string}\"},\"query-input\":{\"@type\":\"PropertyValueSpecification\",\"valueRequired\":true,\"valueName\":\"search_term_string\"}}],\"inLanguage\":\"fi\"},{\"@type\":\"Person\",\"@id\":\"https:\/\/www.smartphoto.fi\/blogi\/#\/schema\/person\/be6a4052183a15357b08663417304f73\",\"name\":\"Aino\",\"image\":{\"@type\":\"ImageObject\",\"inLanguage\":\"fi\",\"@id\":\"https:\/\/www.smartphoto.fi\/blogi\/#\/schema\/person\/image\/\",\"url\":\"https:\/\/secure.gravatar.com\/avatar\/5c71776f086b03c269b6ef09c8afdb36?s=96&d=mm&r=g\",\"contentUrl\":\"https:\/\/secure.gravatar.com\/avatar\/5c71776f086b03c269b6ef09c8afdb36?s=96&d=mm&r=g\",\"caption\":\"Aino\"},\"url\":\"https:\/\/www.smartphoto.fi\/blogi\/author\/aino\"}]}<\/script>\n<!-- \/ Yoast SEO plugin. -->","yoast_head_json":{"title":"Suunnittele omat kuoret puhelimelle tai tabletille","description":"Haluaisitko l\u00f6yt\u00e4\u00e4 k\u00e4nnyk\u00e4llesi persoonalliset kuoret? Suunnittele Smartphotolla k\u00e4nnyk\u00e4lle tai tabletille juuri sellaiset kuoret kuin haluat!","robots":{"index":"index","follow":"follow","max-snippet":"max-snippet:-1","max-image-preview":"max-image-preview:large","max-video-preview":"max-video-preview:-1"},"canonical":"https:\/\/www.smartphoto.fi\/blogi\/persoonallista-elektroniikkaa","og_locale":"fi_FI","og_type":"article","og_title":"Suunnittele omat kuoret puhelimelle tai tabletille","og_description":"Haluaisitko l\u00f6yt\u00e4\u00e4 k\u00e4nnyk\u00e4llesi persoonalliset kuoret? Suunnittele Smartphotolla k\u00e4nnyk\u00e4lle tai tabletille juuri sellaiset kuoret kuin haluat!","og_url":"\/blogi\/persoonallista-elektroniikkaa","og_site_name":"smartblogi Inspiraatio - Kuvavinkit - DIY","article_publisher":"https:\/\/www.facebook.com\/smartphotofi","article_published_time":"2018-06-27T12:00:24+00:00","article_modified_time":"2019-03-15T13:15:45+00:00","og_image":[{"width":720,"height":320,"url":"https:\/\/storage.googleapis.com\/smartphoto-express-production-wp-blogs-com\/12\/2018\/06\/smartphoto-blog-0618-1.jpg","type":"image\/jpeg"}],"author":"Aino","twitter_card":"summary_large_image","twitter_misc":{"Written by":"Aino","Est. reading time":"2 minutes"},"schema":{"@context":"https:\/\/schema.org","@graph":[{"@type":"WebPage","@id":"\/blogi\/persoonallista-elektroniikkaa","url":"https:\/\/www.smartphoto.fi\/blogi\/persoonallista-elektroniikkaa","name":"Suunnittele omat kuoret puhelimelle tai tabletille","isPartOf":{"@id":"https:\/\/www.smartphoto.fi\/blogi\/#website"},"primaryImageOfPage":{"@id":"https:\/\/www.smartphoto.fi\/blogi\/persoonallista-elektroniikkaa#primaryimage"},"image":{"@id":"https:\/\/www.smartphoto.fi\/blogi\/persoonallista-elektroniikkaa#primaryimage"},"thumbnailUrl":"https:\/\/storage.googleapis.com\/smartphoto-express-production-wp-blogs-com\/12\/2018\/06\/smartphoto-blog-0618-1.jpg","datePublished":"2018-06-27T12:00:24+00:00","dateModified":"2019-03-15T13:15:45+00:00","author":{"@id":"https:\/\/www.smartphoto.fi\/blogi\/#\/schema\/person\/be6a4052183a15357b08663417304f73"},"description":"Haluaisitko l\u00f6yt\u00e4\u00e4 k\u00e4nnyk\u00e4llesi persoonalliset kuoret? Suunnittele Smartphotolla k\u00e4nnyk\u00e4lle tai tabletille juuri sellaiset kuoret kuin haluat!","breadcrumb":{"@id":"https:\/\/www.smartphoto.fi\/blogi\/persoonallista-elektroniikkaa#breadcrumb"},"inLanguage":"fi","potentialAction":[{"@type":"ReadAction","target":["https:\/\/www.smartphoto.fi\/blogi\/persoonallista-elektroniikkaa"]}]},{"@type":"ImageObject","inLanguage":"fi","@id":"https:\/\/www.smartphoto.fi\/blogi\/persoonallista-elektroniikkaa#primaryimage","url":"https:\/\/storage.googleapis.com\/smartphoto-express-production-wp-blogs-com\/12\/2018\/06\/smartphoto-blog-0618-1.jpg","contentUrl":"https:\/\/storage.googleapis.com\/smartphoto-express-production-wp-blogs-com\/12\/2018\/06\/smartphoto-blog-0618-1.jpg","width":720,"height":320},{"@type":"BreadcrumbList","@id":"https:\/\/www.smartphoto.fi\/blogi\/persoonallista-elektroniikkaa#breadcrumb","itemListElement":[{"@type":"ListItem","position":1,"name":"Home","item":"\/blogi\/"},{"@type":"ListItem","position":2,"name":"Luo uusilla kuorilla persoonallista elektroniikkaa"}]},{"@type":"WebSite","@id":"https:\/\/www.smartphoto.fi\/blogi\/#website","url":"https:\/\/www.smartphoto.fi\/blogi\/","name":"smartblogi Inspiraatio - Kuvavinkit - DIY","description":"smartblogi Inspiraatio - Kuvavinkit - DIY","potentialAction":[{"@type":"SearchAction","target":{"@type":"EntryPoint","urlTemplate":"https:\/\/www.smartphoto.fi\/blogi\/?s={search_term_string}"},"query-input":{"@type":"PropertyValueSpecification","valueRequired":true,"valueName":"search_term_string"}}],"inLanguage":"fi"},{"@type":"Person","@id":"https:\/\/www.smartphoto.fi\/blogi\/#\/schema\/person\/be6a4052183a15357b08663417304f73","name":"Aino","image":{"@type":"ImageObject","inLanguage":"fi","@id":"https:\/\/www.smartphoto.fi\/blogi\/#\/schema\/person\/image\/","url":"https:\/\/secure.gravatar.com\/avatar\/5c71776f086b03c269b6ef09c8afdb36?s=96&d=mm&r=g","contentUrl":"https:\/\/secure.gravatar.com\/avatar\/5c71776f086b03c269b6ef09c8afdb36?s=96&d=mm&r=g","caption":"Aino"},"url":"https:\/\/www.smartphoto.fi\/blogi\/author\/aino"}]}},"_links":{"self":[{"href":"https:\/\/www.smartphoto.fi\/blogi\/wp-json\/wp\/v2\/posts\/5495","targetHints":{"allow":["GET"]}}],"collection":[{"href":"https:\/\/www.smartphoto.fi\/blogi\/wp-json\/wp\/v2\/posts"}],"about":[{"href":"https:\/\/www.smartphoto.fi\/blogi\/wp-json\/wp\/v2\/types\/post"}],"author":[{"embeddable":true,"href":"https:\/\/www.smartphoto.fi\/blogi\/wp-json\/wp\/v2\/users\/29"}],"replies":[{"embeddable":true,"href":"https:\/\/www.smartphoto.fi\/blogi\/wp-json\/wp\/v2\/comments?post=5495"}],"version-history":[{"count":10,"href":"https:\/\/www.smartphoto.fi\/blogi\/wp-json\/wp\/v2\/posts\/5495\/revisions"}],"predecessor-version":[{"id":5515,"href":"https:\/\/www.smartphoto.fi\/blogi\/wp-json\/wp\/v2\/posts\/5495\/revisions\/5515"}],"wp:featuredmedia":[{"embeddable":true,"href":"https:\/\/www.smartphoto.fi\/blogi\/wp-json\/wp\/v2\/media\/5504"}],"wp:attachment":[{"href":"https:\/\/www.smartphoto.fi\/blogi\/wp-json\/wp\/v2\/media?parent=5495"}],"wp:term":[{"taxonomy":"category","embeddable":true,"href":"https:\/\/www.smartphoto.fi\/blogi\/wp-json\/wp\/v2\/categories?post=5495"},{"taxonomy":"post_tag","embeddable":true,"href":"https:\/\/www.smartphoto.fi\/blogi\/wp-json\/wp\/v2\/tags?post=5495"}],"curies":[{"name":"wp","href":"https:\/\/api.w.org\/{rel}","templated":true}]}}