{"id":5808,"date":"2019-03-26T10:30:09","date_gmt":"2019-03-26T08:30:09","guid":{"rendered":"\/blogi\/?p=5808"},"modified":"2021-12-13T12:15:34","modified_gmt":"2021-12-13T10:15:34","slug":"smartphoton-suosituimmat-tuotteet-omilla-kuvilla","status":"publish","type":"post","link":"https:\/\/www.smartphoto.fi\/blogi\/smartphoton-suosituimmat-tuotteet-omilla-kuvilla","title":{"rendered":"Smartphoton suosituimmat tuotteet omilla kuvilla"},"content":{"rendered":"<p><strong>T\u00e4n\u00e4 p\u00e4iv\u00e4n\u00e4 r\u00e4\u00e4t\u00e4l\u00f6ityj\u00e4 tuotteita l\u00f6ytyy eri muodoissa ja tarkoituksiin.<\/strong><\/p>\n<p><span style=\"font-weight: 400\">Katso vaikka Smartphoton valikoimaa! Meill\u00e4 on varmasti paljon tuotteita, joita et edes tiennyt ett\u00e4 voi r\u00e4\u00e4t\u00e4l\u00f6id\u00e4. Tai tiesitk\u00f6 ett\u00e4 <a href=\"https:\/\/www.smartphoto.fi\/kuvalahjat\/kalvosinnapit\">kalvosinnapit<\/a> voi tilata nopeasti ja k\u00e4tev\u00e4sti verkosta, viel\u00e4kin omalla kuvalla?&nbsp;<\/span><\/p>\n<p>&nbsp;<\/p>\n<p><span style=\"font-weight: 400\"><strong>Smartphoto lanseeraa koko ajan uusia, j\u00e4nnitt\u00e4vi\u00e4 tuotteita,<\/strong> jotta sin\u00e4kin voisit yll\u00e4tt\u00e4\u00e4 yst\u00e4v\u00e4si tai perheenj\u00e4senesi ihan uudella tuotteella aina silloin t\u00e4ll\u00f6in. Me rakastamme n\u00e4it\u00e4 uutuuksia ja tulemme jatkossakin hy\u00f6dynt\u00e4m\u00e4\u00e4n luovuuttamme tuotekehityksess\u00e4.<\/span><\/p>\n<p><span style=\"font-weight: 400\">T\u00e4m\u00e4 ei kuitenkaan tarkoita ett\u00e4 kaikki tuotteet tulisi olla uusinta uutta. Joskus on ihana ottaa askel taaksep\u00e4in ja pysy\u00e4 tuotteissa, joita tiet\u00e4\u00e4 ett\u00e4 toimivat ja tulee k\u00e4ytetty\u00e4.<\/span><\/p>\n<p>&nbsp;<\/p>\n<p><span style=\"font-weight: 400\"><strong>T\u00e4ss\u00e4 esit\u00e4mme 5 tuotetta,<\/strong> jotka kaikki ovat ja pysyv\u00e4t muodissa vuodesta toiseen. Tuotteet jotka ovat joka kodin k\u00e4yt\u00f6ss\u00e4 p\u00e4ivitt\u00e4in ja jotka jaksavat ilahduttaa.<\/span><\/p>\n<p>&nbsp;<\/p>\n<p><img loading=\"lazy\" decoding=\"async\" class=\"aligncenter wp-image-5836 size-full\" src=\"https:\/\/storage.googleapis.com\/smartphoto-express-production-wp-blogs-com\/12\/2019\/02\/suositut-1.jpg\" alt=\"Muki valokuvalla\" width=\"780\" height=\"537\" srcset=\"https:\/\/storage.googleapis.com\/smartphoto-express-production-wp-blogs-com\/12\/2019\/02\/suositut-1.jpg 780w, https:\/\/storage.googleapis.com\/smartphoto-express-production-wp-blogs-com\/12\/2019\/02\/suositut-1-300x207.jpg 300w, https:\/\/storage.googleapis.com\/smartphoto-express-production-wp-blogs-com\/12\/2019\/02\/suositut-1-768x529.jpg 768w\" sizes=\"auto, (max-width: 780px) 100vw, 780px\" \/><\/p>\n<h2><\/h2>\n<h2><b>5 ihanaa esinett\u00e4, jotka sin\u00e4kin varmasti k\u00e4ytt\u00e4isit<\/b><\/h2>\n<ol>\n<li><b>Muki valokuvalla<\/b><\/li>\n<\/ol>\n<p><span style=\"font-weight: 400\">Muki omalla valokuvalla on rakastettu ja toimiva r\u00e4\u00e4t\u00e4l\u00f6ity tuote. Mukit ovat pitk\u00e4\u00e4n kuuluneet Smartphoton suosituimpiin tuotteisiin ja suosiossa ei n\u00e4y loppua.<\/span><\/p>\n<p><span style=\"font-weight: 400\">Teet\u00e4 mukeja koko perheelle ja tee jokaisesta tee- tai kahvihetkest\u00e4 ainutlaatuisen. <a href=\"https:\/\/www.smartphoto.fi\/kuvalahjat\/muki\">Lis\u00e4\u00e4 infoa l\u00f6yd\u00e4t t\u00e4\u00e4lt\u00e4.<\/a><\/span><\/p>\n<p>&nbsp;<\/p>\n<p><img loading=\"lazy\" decoding=\"async\" class=\"aligncenter wp-image-5835 size-full\" src=\"https:\/\/storage.googleapis.com\/smartphoto-express-production-wp-blogs-com\/12\/2019\/02\/suositut-2.jpg\" alt=\"Tyyny varustettuna valokuvalla&nbsp;\" width=\"780\" height=\"537\" srcset=\"https:\/\/storage.googleapis.com\/smartphoto-express-production-wp-blogs-com\/12\/2019\/02\/suositut-2.jpg 780w, https:\/\/storage.googleapis.com\/smartphoto-express-production-wp-blogs-com\/12\/2019\/02\/suositut-2-300x207.jpg 300w, https:\/\/storage.googleapis.com\/smartphoto-express-production-wp-blogs-com\/12\/2019\/02\/suositut-2-768x529.jpg 768w\" sizes=\"auto, (max-width: 780px) 100vw, 780px\" \/><\/p>\n<p>&nbsp;<\/p>\n<ol start=\"2\">\n<li><b> Tyyny varustettuna valokuvalla&nbsp;<\/b><\/li>\n<\/ol>\n<p><span style=\"font-weight: 400\">Voit saada lis\u00e4\u00e4 el\u00e4m\u00e4\u00e4 ja henkil\u00f6kohtaisuutta kotisohvalle teetetyll\u00e4 kuvatyynyll\u00e4. Smartphoton valikoimassa on sek\u00e4 kaksi ett\u00e4 yksipuoliset tyynyt, emmek\u00e4 oikeastaan osata sanoa kumpi on suositumpi. <\/span><\/p>\n<p><a href=\"https:\/\/www.smartphoto.fi\/kuvalahjat\/tyyny\">Tutustu kuvatyynyihin.<\/a><\/p>\n<p>&nbsp;<\/p>\n<p><img loading=\"lazy\" decoding=\"async\" class=\"aligncenter wp-image-5834 size-full\" src=\"https:\/\/storage.googleapis.com\/smartphoto-express-production-wp-blogs-com\/12\/2019\/02\/suositut-3.jpg\" alt=\"T-paidat painatuksella\" width=\"780\" height=\"537\" srcset=\"https:\/\/storage.googleapis.com\/smartphoto-express-production-wp-blogs-com\/12\/2019\/02\/suositut-3.jpg 780w, https:\/\/storage.googleapis.com\/smartphoto-express-production-wp-blogs-com\/12\/2019\/02\/suositut-3-300x207.jpg 300w, https:\/\/storage.googleapis.com\/smartphoto-express-production-wp-blogs-com\/12\/2019\/02\/suositut-3-768x529.jpg 768w\" sizes=\"auto, (max-width: 780px) 100vw, 780px\" \/><\/p>\n<p>&nbsp;<\/p>\n<ol start=\"3\">\n<li><b> T-paidat painatuksella<\/b><\/li>\n<\/ol>\n<p><span style=\"font-weight: 400\">Smartphoton laajassa valikoimassa on paljon erilaisia vaatekappaleita. Suosikkituotteisiin kuuluu erilaiset t-paidat painatuksella. T-paidan motiiviksi sopii hyvin valokuva, tai vaikkapa oma logopainatus.<\/span><\/p>\n<p><a href=\"https:\/\/www.smartphoto.fi\/kuvalahjat\/t-paita-kuvalla\">Hauskat t-paidat Smartphotolta.<\/a><\/p>\n<p>&nbsp;<\/p>\n<p><img loading=\"lazy\" decoding=\"async\" class=\"aligncenter wp-image-5832 size-full\" src=\"https:\/\/storage.googleapis.com\/smartphoto-express-production-wp-blogs-com\/12\/2019\/02\/carrousel1.jpg\" alt=\"Puhelimen suojakuoret&nbsp;\" width=\"780\" height=\"537\" srcset=\"https:\/\/storage.googleapis.com\/smartphoto-express-production-wp-blogs-com\/12\/2019\/02\/carrousel1.jpg 780w, https:\/\/storage.googleapis.com\/smartphoto-express-production-wp-blogs-com\/12\/2019\/02\/carrousel1-300x207.jpg 300w, https:\/\/storage.googleapis.com\/smartphoto-express-production-wp-blogs-com\/12\/2019\/02\/carrousel1-768x529.jpg 768w\" sizes=\"auto, (max-width: 780px) 100vw, 780px\" \/><\/p>\n<p>&nbsp;<\/p>\n<ol start=\"4\">\n<li><b> Puhelimen suojakuoret&nbsp;<\/b><\/li>\n<\/ol>\n<p><span style=\"font-weight: 400\">Viime vuosien aikana suuressa nuosussa ovat olleet erilaiset suojakuoret puhelimille, ja varsinkin iphoneille. Smartphoton valikoimasta l\u00f6ytyy eri puhelimille sopivat kuoret (esimerkiksi Huawei ja iphone puhelimille) ja kuoret voi r\u00e4\u00e4t\u00e4l\u00f6id\u00e4 omalla kuvalla tai designilla.<\/span><\/p>\n<p><a href=\"https:\/\/www.smartphoto.fi\/kuvalahjat\/iphone-suojakuoret\">Tilaa suojakuoret t\u00e4\u00e4lt\u00e4.<\/a><\/p>\n<p>&nbsp;<\/p>\n<p><img loading=\"lazy\" decoding=\"async\" class=\"aligncenter wp-image-5830 size-full\" src=\"https:\/\/storage.googleapis.com\/smartphoto-express-production-wp-blogs-com\/12\/2019\/02\/suositut-5.jpg\" alt=\"R\u00e4\u00e4t\u00e4l\u00f6idyt p\u00f6yt\u00e4kalenterit\" width=\"780\" height=\"537\" srcset=\"https:\/\/storage.googleapis.com\/smartphoto-express-production-wp-blogs-com\/12\/2019\/02\/suositut-5.jpg 780w, https:\/\/storage.googleapis.com\/smartphoto-express-production-wp-blogs-com\/12\/2019\/02\/suositut-5-300x207.jpg 300w, https:\/\/storage.googleapis.com\/smartphoto-express-production-wp-blogs-com\/12\/2019\/02\/suositut-5-768x529.jpg 768w\" sizes=\"auto, (max-width: 780px) 100vw, 780px\" \/><\/p>\n<p>&nbsp;<\/p>\n<ol start=\"5\">\n<li><b> R\u00e4\u00e4t\u00e4l\u00f6idyt p\u00f6yt\u00e4kalenterit<\/b><\/li>\n<\/ol>\n<p><span style=\"font-weight: 400\">Kalenterit omilla kuvilla ovat olleet suosiossa Smartphoton alusta alkaen. P\u00f6yt\u00e4kalenterit ovat erityisess\u00e4 suosiossa, sill\u00e4 niit\u00e4 voidaan helposti k\u00e4ytt\u00e4\u00e4 sek\u00e4 ty\u00f6paikalla ett\u00e4 kotona. Kalenteriin mahtuu 12 ihanaa kuvaa ja siin\u00e4 on iloa silm\u00e4lle koko vuodeksi.<\/span><\/p>\n<p><a href=\"https:\/\/www.smartphoto.fi\/kuvakalenterit\/poytakalenteri\">L\u00f6yd\u00e4 sinulle sopiva kalenteri t\u00e4st\u00e4.<\/a><\/p>\n<p>&nbsp;<\/p>\n<p><img loading=\"lazy\" decoding=\"async\" class=\"aligncenter wp-image-5829 size-full\" src=\"https:\/\/storage.googleapis.com\/smartphoto-express-production-wp-blogs-com\/12\/2019\/02\/suositut-7.jpg\" alt=\"Muita vinkkej\u00e4\" width=\"780\" height=\"537\" srcset=\"https:\/\/storage.googleapis.com\/smartphoto-express-production-wp-blogs-com\/12\/2019\/02\/suositut-7.jpg 780w, https:\/\/storage.googleapis.com\/smartphoto-express-production-wp-blogs-com\/12\/2019\/02\/suositut-7-300x207.jpg 300w, https:\/\/storage.googleapis.com\/smartphoto-express-production-wp-blogs-com\/12\/2019\/02\/suositut-7-768x529.jpg 768w\" sizes=\"auto, (max-width: 780px) 100vw, 780px\" \/><\/p>\n<p>&nbsp;<\/p>\n<p><b>Muita vinkkej\u00e4<\/b><\/p>\n<p><span style=\"font-weight: 400\">Toivottavasti n\u00e4ist\u00e4 vinkeist\u00e4 oli hy\u00f6ty\u00e4. Jaamme mielell\u00e4\u00e4n lis\u00e4\u00e4 tuoteinsightia jos t\u00e4m\u00e4 segmentti kiinnostaa. <\/span><\/p>\n<p><span style=\"font-weight: 400\">Ihanaa viikkoa teille kaikille!<\/span><\/p>\n","protected":false},"excerpt":{"rendered":"<p>T\u00e4n\u00e4 p\u00e4iv\u00e4n\u00e4 r\u00e4\u00e4t\u00e4l\u00f6ityj\u00e4 tuotteita l\u00f6ytyy eri muodoissa ja tarkoituksiin. Katso vaikka Smartphoton valikoimaa! Meill\u00e4 on varmasti paljon tuotteita, joita et edes tiennyt ett\u00e4 voi r\u00e4\u00e4t\u00e4l\u00f6id\u00e4. Tai tiesitk\u00f6 ett\u00e4 kalvosinnapit voi tilata nopeasti ja k\u00e4tev\u00e4sti verkosta, viel\u00e4kin omalla kuvalla?&nbsp; &nbsp; Smartphoto lanseeraa koko ajan uusia, j\u00e4nnitt\u00e4vi\u00e4 tuotteita, jotta sin\u00e4kin voisit yll\u00e4tt\u00e4\u00e4 yst\u00e4v\u00e4si tai perheenj\u00e4senesi ihan uudella tuotteella aina silloin t\u00e4ll\u00f6in. Me rakastamme n\u00e4it\u00e4 uutuuksia ja tulemme jatkossakin hy\u00f6dynt\u00e4m\u00e4\u00e4n luovuuttamme tuotekehityksess\u00e4. T\u00e4m\u00e4 ei kuitenkaan tarkoita ett\u00e4 kaikki tuotteet tulisi olla uusinta uutta. Joskus on ihana ottaa askel taaksep\u00e4in ja pysy\u00e4 tuotteissa, joita tiet\u00e4\u00e4 ett\u00e4 toimivat ja tulee k\u00e4ytetty\u00e4. &nbsp; T\u00e4ss\u00e4 esit\u00e4mme 5<\/p>\n","protected":false},"author":43,"featured_media":5833,"comment_status":"open","ping_status":"open","sticky":false,"template":"","format":"standard","meta":{"om_disable_all_campaigns":false,"_monsterinsights_skip_tracking":false,"_monsterinsights_sitenote_active":false,"_monsterinsights_sitenote_note":"","_monsterinsights_sitenote_category":0,"footnotes":""},"categories":[5],"tags":[14,21],"class_list":["post-5808","post","type-post","status-publish","format-standard","has-post-thumbnail","hentry","category-inspiraatio","tag-kuvalahjat","tag-valokuvat"],"yoast_head":"<!-- This site is optimized with the Yoast SEO plugin v23.8 - https:\/\/yoast.com\/wordpress\/plugins\/seo\/ -->\n<title>Suosituimmat tuotteet omilla kuvilla - smartblogi Inspiraatio<\/title>\n<meta name=\"description\" content=\"T\u00e4n\u00e4 p\u00e4iv\u00e4n\u00e4 r\u00e4\u00e4t\u00e4l\u00f6ityj\u00e4 tuotteita l\u00f6ytyy eri muodoissa ja tarkoituksiin. Katso vaikka Smartphoton valikoimaa! T\u00e4ss\u00e4 postissa jaamme suosituimmat tuotteet!\" \/>\n<meta name=\"robots\" content=\"index, follow, max-snippet:-1, max-image-preview:large, max-video-preview:-1\" \/>\n<link rel=\"canonical\" href=\"https:\/\/www.smartphoto.fi\/blogi\/smartphoton-suosituimmat-tuotteet-omilla-kuvilla\" \/>\n<meta property=\"og:locale\" content=\"fi_FI\" \/>\n<meta property=\"og:type\" content=\"article\" \/>\n<meta property=\"og:title\" content=\"Suosituimmat tuotteet omilla kuvilla - smartblogi Inspiraatio\" \/>\n<meta property=\"og:description\" content=\"T\u00e4n\u00e4 p\u00e4iv\u00e4n\u00e4 r\u00e4\u00e4t\u00e4l\u00f6ityj\u00e4 tuotteita l\u00f6ytyy eri muodoissa ja tarkoituksiin. Katso vaikka Smartphoton valikoimaa! T\u00e4ss\u00e4 postissa jaamme suosituimmat tuotteet!\" \/>\n<meta property=\"og:url\" content=\"\/blogi\/smartphoton-suosituimmat-tuotteet-omilla-kuvilla\" \/>\n<meta property=\"og:site_name\" content=\"smartblogi Inspiraatio - Kuvavinkit - DIY\" \/>\n<meta property=\"article:publisher\" content=\"https:\/\/www.facebook.com\/smartphotofi\" \/>\n<meta property=\"article:published_time\" content=\"2019-03-26T08:30:09+00:00\" \/>\n<meta property=\"article:modified_time\" content=\"2021-12-13T10:15:34+00:00\" \/>\n<meta property=\"og:image\" content=\"https:\/\/storage.googleapis.com\/smartphoto-express-production-wp-blogs-com\/12\/2019\/02\/suositut-6.jpg\" \/>\n\t<meta property=\"og:image:width\" content=\"780\" \/>\n\t<meta property=\"og:image:height\" content=\"537\" \/>\n\t<meta property=\"og:image:type\" content=\"image\/jpeg\" \/>\n<meta name=\"author\" content=\"malin\" \/>\n<meta name=\"twitter:card\" content=\"summary_large_image\" \/>\n<meta name=\"twitter:label1\" content=\"Written by\" \/>\n\t<meta name=\"twitter:data1\" content=\"malin\" \/>\n\t<meta name=\"twitter:label2\" content=\"Est. reading time\" \/>\n\t<meta name=\"twitter:data2\" content=\"2 minutes\" \/>\n<script type=\"application\/ld+json\" class=\"yoast-schema-graph\">{\"@context\":\"https:\/\/schema.org\",\"@graph\":[{\"@type\":\"WebPage\",\"@id\":\"\/blogi\/smartphoton-suosituimmat-tuotteet-omilla-kuvilla\",\"url\":\"https:\/\/www.smartphoto.fi\/blogi\/smartphoton-suosituimmat-tuotteet-omilla-kuvilla\",\"name\":\"Suosituimmat tuotteet omilla kuvilla - smartblogi Inspiraatio\",\"isPartOf\":{\"@id\":\"https:\/\/www.smartphoto.fi\/blogi\/#website\"},\"primaryImageOfPage\":{\"@id\":\"https:\/\/www.smartphoto.fi\/blogi\/smartphoton-suosituimmat-tuotteet-omilla-kuvilla#primaryimage\"},\"image\":{\"@id\":\"https:\/\/www.smartphoto.fi\/blogi\/smartphoton-suosituimmat-tuotteet-omilla-kuvilla#primaryimage\"},\"thumbnailUrl\":\"https:\/\/storage.googleapis.com\/smartphoto-express-production-wp-blogs-com\/12\/2019\/02\/suositut-6.jpg\",\"datePublished\":\"2019-03-26T08:30:09+00:00\",\"dateModified\":\"2021-12-13T10:15:34+00:00\",\"author\":{\"@id\":\"https:\/\/www.smartphoto.fi\/blogi\/#\/schema\/person\/e1dc42bb049711d76629e918c4f13253\"},\"description\":\"T\u00e4n\u00e4 p\u00e4iv\u00e4n\u00e4 r\u00e4\u00e4t\u00e4l\u00f6ityj\u00e4 tuotteita l\u00f6ytyy eri muodoissa ja tarkoituksiin. Katso vaikka Smartphoton valikoimaa! T\u00e4ss\u00e4 postissa jaamme suosituimmat tuotteet!\",\"breadcrumb\":{\"@id\":\"https:\/\/www.smartphoto.fi\/blogi\/smartphoton-suosituimmat-tuotteet-omilla-kuvilla#breadcrumb\"},\"inLanguage\":\"fi\",\"potentialAction\":[{\"@type\":\"ReadAction\",\"target\":[\"https:\/\/www.smartphoto.fi\/blogi\/smartphoton-suosituimmat-tuotteet-omilla-kuvilla\"]}]},{\"@type\":\"ImageObject\",\"inLanguage\":\"fi\",\"@id\":\"https:\/\/www.smartphoto.fi\/blogi\/smartphoton-suosituimmat-tuotteet-omilla-kuvilla#primaryimage\",\"url\":\"https:\/\/storage.googleapis.com\/smartphoto-express-production-wp-blogs-com\/12\/2019\/02\/suositut-6.jpg\",\"contentUrl\":\"https:\/\/storage.googleapis.com\/smartphoto-express-production-wp-blogs-com\/12\/2019\/02\/suositut-6.jpg\",\"width\":780,\"height\":537},{\"@type\":\"BreadcrumbList\",\"@id\":\"https:\/\/www.smartphoto.fi\/blogi\/smartphoton-suosituimmat-tuotteet-omilla-kuvilla#breadcrumb\",\"itemListElement\":[{\"@type\":\"ListItem\",\"position\":1,\"name\":\"Home\",\"item\":\"\/blogi\/\"},{\"@type\":\"ListItem\",\"position\":2,\"name\":\"Smartphoton suosituimmat tuotteet omilla kuvilla\"}]},{\"@type\":\"WebSite\",\"@id\":\"https:\/\/www.smartphoto.fi\/blogi\/#website\",\"url\":\"https:\/\/www.smartphoto.fi\/blogi\/\",\"name\":\"smartblogi Inspiraatio - Kuvavinkit - DIY\",\"description\":\"smartblogi Inspiraatio - Kuvavinkit - DIY\",\"potentialAction\":[{\"@type\":\"SearchAction\",\"target\":{\"@type\":\"EntryPoint\",\"urlTemplate\":\"https:\/\/www.smartphoto.fi\/blogi\/?s={search_term_string}\"},\"query-input\":{\"@type\":\"PropertyValueSpecification\",\"valueRequired\":true,\"valueName\":\"search_term_string\"}}],\"inLanguage\":\"fi\"},{\"@type\":\"Person\",\"@id\":\"https:\/\/www.smartphoto.fi\/blogi\/#\/schema\/person\/e1dc42bb049711d76629e918c4f13253\",\"name\":\"malin\",\"image\":{\"@type\":\"ImageObject\",\"inLanguage\":\"fi\",\"@id\":\"https:\/\/www.smartphoto.fi\/blogi\/#\/schema\/person\/image\/\",\"url\":\"https:\/\/secure.gravatar.com\/avatar\/61a2151c3145e8a9525d5c3c0dac91c6?s=96&d=mm&r=g\",\"contentUrl\":\"https:\/\/secure.gravatar.com\/avatar\/61a2151c3145e8a9525d5c3c0dac91c6?s=96&d=mm&r=g\",\"caption\":\"malin\"},\"url\":\"https:\/\/www.smartphoto.fi\/blogi\/author\/malin\"}]}<\/script>\n<!-- \/ Yoast SEO plugin. -->","yoast_head_json":{"title":"Suosituimmat tuotteet omilla kuvilla - smartblogi Inspiraatio","description":"T\u00e4n\u00e4 p\u00e4iv\u00e4n\u00e4 r\u00e4\u00e4t\u00e4l\u00f6ityj\u00e4 tuotteita l\u00f6ytyy eri muodoissa ja tarkoituksiin. Katso vaikka Smartphoton valikoimaa! T\u00e4ss\u00e4 postissa jaamme suosituimmat tuotteet!","robots":{"index":"index","follow":"follow","max-snippet":"max-snippet:-1","max-image-preview":"max-image-preview:large","max-video-preview":"max-video-preview:-1"},"canonical":"https:\/\/www.smartphoto.fi\/blogi\/smartphoton-suosituimmat-tuotteet-omilla-kuvilla","og_locale":"fi_FI","og_type":"article","og_title":"Suosituimmat tuotteet omilla kuvilla - smartblogi Inspiraatio","og_description":"T\u00e4n\u00e4 p\u00e4iv\u00e4n\u00e4 r\u00e4\u00e4t\u00e4l\u00f6ityj\u00e4 tuotteita l\u00f6ytyy eri muodoissa ja tarkoituksiin. Katso vaikka Smartphoton valikoimaa! T\u00e4ss\u00e4 postissa jaamme suosituimmat tuotteet!","og_url":"\/blogi\/smartphoton-suosituimmat-tuotteet-omilla-kuvilla","og_site_name":"smartblogi Inspiraatio - Kuvavinkit - DIY","article_publisher":"https:\/\/www.facebook.com\/smartphotofi","article_published_time":"2019-03-26T08:30:09+00:00","article_modified_time":"2021-12-13T10:15:34+00:00","og_image":[{"width":780,"height":537,"url":"https:\/\/storage.googleapis.com\/smartphoto-express-production-wp-blogs-com\/12\/2019\/02\/suositut-6.jpg","type":"image\/jpeg"}],"author":"malin","twitter_card":"summary_large_image","twitter_misc":{"Written by":"malin","Est. reading time":"2 minutes"},"schema":{"@context":"https:\/\/schema.org","@graph":[{"@type":"WebPage","@id":"\/blogi\/smartphoton-suosituimmat-tuotteet-omilla-kuvilla","url":"https:\/\/www.smartphoto.fi\/blogi\/smartphoton-suosituimmat-tuotteet-omilla-kuvilla","name":"Suosituimmat tuotteet omilla kuvilla - smartblogi Inspiraatio","isPartOf":{"@id":"https:\/\/www.smartphoto.fi\/blogi\/#website"},"primaryImageOfPage":{"@id":"https:\/\/www.smartphoto.fi\/blogi\/smartphoton-suosituimmat-tuotteet-omilla-kuvilla#primaryimage"},"image":{"@id":"https:\/\/www.smartphoto.fi\/blogi\/smartphoton-suosituimmat-tuotteet-omilla-kuvilla#primaryimage"},"thumbnailUrl":"https:\/\/storage.googleapis.com\/smartphoto-express-production-wp-blogs-com\/12\/2019\/02\/suositut-6.jpg","datePublished":"2019-03-26T08:30:09+00:00","dateModified":"2021-12-13T10:15:34+00:00","author":{"@id":"https:\/\/www.smartphoto.fi\/blogi\/#\/schema\/person\/e1dc42bb049711d76629e918c4f13253"},"description":"T\u00e4n\u00e4 p\u00e4iv\u00e4n\u00e4 r\u00e4\u00e4t\u00e4l\u00f6ityj\u00e4 tuotteita l\u00f6ytyy eri muodoissa ja tarkoituksiin. Katso vaikka Smartphoton valikoimaa! T\u00e4ss\u00e4 postissa jaamme suosituimmat tuotteet!","breadcrumb":{"@id":"https:\/\/www.smartphoto.fi\/blogi\/smartphoton-suosituimmat-tuotteet-omilla-kuvilla#breadcrumb"},"inLanguage":"fi","potentialAction":[{"@type":"ReadAction","target":["https:\/\/www.smartphoto.fi\/blogi\/smartphoton-suosituimmat-tuotteet-omilla-kuvilla"]}]},{"@type":"ImageObject","inLanguage":"fi","@id":"https:\/\/www.smartphoto.fi\/blogi\/smartphoton-suosituimmat-tuotteet-omilla-kuvilla#primaryimage","url":"https:\/\/storage.googleapis.com\/smartphoto-express-production-wp-blogs-com\/12\/2019\/02\/suositut-6.jpg","contentUrl":"https:\/\/storage.googleapis.com\/smartphoto-express-production-wp-blogs-com\/12\/2019\/02\/suositut-6.jpg","width":780,"height":537},{"@type":"BreadcrumbList","@id":"https:\/\/www.smartphoto.fi\/blogi\/smartphoton-suosituimmat-tuotteet-omilla-kuvilla#breadcrumb","itemListElement":[{"@type":"ListItem","position":1,"name":"Home","item":"\/blogi\/"},{"@type":"ListItem","position":2,"name":"Smartphoton suosituimmat tuotteet omilla kuvilla"}]},{"@type":"WebSite","@id":"https:\/\/www.smartphoto.fi\/blogi\/#website","url":"https:\/\/www.smartphoto.fi\/blogi\/","name":"smartblogi Inspiraatio - Kuvavinkit - DIY","description":"smartblogi Inspiraatio - Kuvavinkit - DIY","potentialAction":[{"@type":"SearchAction","target":{"@type":"EntryPoint","urlTemplate":"https:\/\/www.smartphoto.fi\/blogi\/?s={search_term_string}"},"query-input":{"@type":"PropertyValueSpecification","valueRequired":true,"valueName":"search_term_string"}}],"inLanguage":"fi"},{"@type":"Person","@id":"https:\/\/www.smartphoto.fi\/blogi\/#\/schema\/person\/e1dc42bb049711d76629e918c4f13253","name":"malin","image":{"@type":"ImageObject","inLanguage":"fi","@id":"https:\/\/www.smartphoto.fi\/blogi\/#\/schema\/person\/image\/","url":"https:\/\/secure.gravatar.com\/avatar\/61a2151c3145e8a9525d5c3c0dac91c6?s=96&d=mm&r=g","contentUrl":"https:\/\/secure.gravatar.com\/avatar\/61a2151c3145e8a9525d5c3c0dac91c6?s=96&d=mm&r=g","caption":"malin"},"url":"https:\/\/www.smartphoto.fi\/blogi\/author\/malin"}]}},"_links":{"self":[{"href":"https:\/\/www.smartphoto.fi\/blogi\/wp-json\/wp\/v2\/posts\/5808","targetHints":{"allow":["GET"]}}],"collection":[{"href":"https:\/\/www.smartphoto.fi\/blogi\/wp-json\/wp\/v2\/posts"}],"about":[{"href":"https:\/\/www.smartphoto.fi\/blogi\/wp-json\/wp\/v2\/types\/post"}],"author":[{"embeddable":true,"href":"https:\/\/www.smartphoto.fi\/blogi\/wp-json\/wp\/v2\/users\/43"}],"replies":[{"embeddable":true,"href":"https:\/\/www.smartphoto.fi\/blogi\/wp-json\/wp\/v2\/comments?post=5808"}],"version-history":[{"count":5,"href":"https:\/\/www.smartphoto.fi\/blogi\/wp-json\/wp\/v2\/posts\/5808\/revisions"}],"predecessor-version":[{"id":7591,"href":"https:\/\/www.smartphoto.fi\/blogi\/wp-json\/wp\/v2\/posts\/5808\/revisions\/7591"}],"wp:featuredmedia":[{"embeddable":true,"href":"https:\/\/www.smartphoto.fi\/blogi\/wp-json\/wp\/v2\/media\/5833"}],"wp:attachment":[{"href":"https:\/\/www.smartphoto.fi\/blogi\/wp-json\/wp\/v2\/media?parent=5808"}],"wp:term":[{"taxonomy":"category","embeddable":true,"href":"https:\/\/www.smartphoto.fi\/blogi\/wp-json\/wp\/v2\/categories?post=5808"},{"taxonomy":"post_tag","embeddable":true,"href":"https:\/\/www.smartphoto.fi\/blogi\/wp-json\/wp\/v2\/tags?post=5808"}],"curies":[{"name":"wp","href":"https:\/\/api.w.org\/{rel}","templated":true}]}}