{"id":5980,"date":"2019-09-10T17:55:43","date_gmt":"2019-09-10T14:55:43","guid":{"rendered":"\/blogi\/?p=5980"},"modified":"2021-12-13T11:49:06","modified_gmt":"2021-12-13T09:49:06","slug":"paluu-arkeen-ihanaa-vai-inhottavaa-vinkkeja-onnistuneeseen-toihin-paluun","status":"publish","type":"post","link":"https:\/\/www.smartphoto.fi\/blogi\/paluu-arkeen-ihanaa-vai-inhottavaa-vinkkeja-onnistuneeseen-toihin-paluun","title":{"rendered":"Paluu arkeen &#8211; ihanaa vai inhottavaa? Vinkkej\u00e4 onnistuneeseen t\u00f6ihin paluun"},"content":{"rendered":"<p><strong>Elokuu merkitsee paluu t\u00f6ihin, kouluihin ja tavalliseen arkeen.<\/strong> Toivottavasti kes\u00e4 on ollut ihanan rentouttava, ja olet t\u00e4ynn\u00e4 uutta inspiraatiota ja halua p\u00e4\u00e4st\u00e4 takaisin ty\u00f6n pariin.<\/p>\n<p>Jos paluu arkeen kuitenkin tuntuu vaikealta, olemme t\u00e4ss\u00e4 postauksessa ker\u00e4nneet muutaman vinkin, jotka tekev\u00e4t ty\u00f6nteosta huomattavasti hauskempaa!<\/p>\n<p><img loading=\"lazy\" decoding=\"async\" class=\"aligncenter wp-image-5987 size-full\" src=\"https:\/\/storage.googleapis.com\/smartphoto-express-production-wp-blogs-com\/12\/2019\/07\/work-2.png\" alt=\"Pirist\u00e4 ty\u00f6p\u00f6yt\u00e4si ihanilla kuvilla\" width=\"720\" height=\"360\" srcset=\"https:\/\/storage.googleapis.com\/smartphoto-express-production-wp-blogs-com\/12\/2019\/07\/work-2.png 720w, https:\/\/storage.googleapis.com\/smartphoto-express-production-wp-blogs-com\/12\/2019\/07\/work-2-300x150.png 300w\" sizes=\"auto, (max-width: 720px) 100vw, 720px\" \/><\/p>\n<h2>Pirist\u00e4 ty\u00f6p\u00f6yt\u00e4si ihanilla kuvilla<\/h2>\n<p>Kuvat perheenj\u00e4senist\u00e4 saavat meid\u00e4t hyv\u00e4lle tuulelle, ja kuvat voivat saada rankankin p\u00e4iv\u00e4n tuntumaan v\u00e4h\u00e4n helpommalta. Siksi moni meist\u00e4 pit\u00e4\u00e4 valokuvia lapsista tai puolisosta n\u00e4kyv\u00e4ss\u00e4 paikassa my\u00f6s ty\u00f6paikalla.<\/p>\n<p>Jos kuitenkin perinteinen kehystetty valokuva tuntuu tyls\u00e4lt\u00e4, meid\u00e4n valikoimasta l\u00f6ytyy monta vaihtoehtoa valokuvan p\u00e4ivitt\u00e4miseen.<\/p>\n<p>Kuumin sisustustrendi on puu kaikessa muodossa, <em>niin mikset painattaisi valokuvat suoraan puulle?&nbsp;<\/em>Smartphotolta saat korkealaatuisia, <a href=\"https:\/\/www.smartphoto.fi\/kuvalahjat\/puutaulu-pieni\" target=\"_blank\" rel=\"noopener noreferrer\">pienikokoisia puutauluja<\/a>, jotka istuvat hyvin ty\u00f6p\u00f6yd\u00e4ll\u00e4.<\/p>\n<p>Jos ennemminkin kuvailisit itse\u00e4si&nbsp;<em>\u201dvaihtelu virkist\u00e4\u00e4\u201d<\/em>-tyyppin\u00e4, <a href=\"https:\/\/www.smartphoto.fi\/kuvalahjat\/kuvia-puutelineess%C3%A4\" target=\"_blank\" rel=\"noopener noreferrer\">kuvat tyylikk\u00e4\u00e4ss\u00e4 puutelineess\u00e4<\/a>&nbsp;saattavat olla sinun makuusi. Pakettiin saa 13 eri kuvakorttia, niin pakkaan mahtuu kaikki lempimuistosi menneest\u00e4 kes\u00e4st\u00e4.<\/p>\n<h2><img loading=\"lazy\" decoding=\"async\" class=\"aligncenter wp-image-5988 size-full\" src=\"https:\/\/storage.googleapis.com\/smartphoto-express-production-wp-blogs-com\/12\/2019\/07\/work-1.png\" alt=\"P\u00e4ivit\u00e4 puhelimesi ulkon\u00e4k\u00f6\" width=\"720\" height=\"360\" srcset=\"https:\/\/storage.googleapis.com\/smartphoto-express-production-wp-blogs-com\/12\/2019\/07\/work-1.png 720w, https:\/\/storage.googleapis.com\/smartphoto-express-production-wp-blogs-com\/12\/2019\/07\/work-1-300x150.png 300w\" sizes=\"auto, (max-width: 720px) 100vw, 720px\" \/><\/h2>\n<h2>P\u00e4ivit\u00e4 puhelimesi ulkon\u00e4k\u00f6<\/h2>\n<p>Puhelin on aina l\u00e4sn\u00e4 ty\u00f6paikalla, niin miksei p\u00e4ivit\u00e4 puhelimen ulkokuoret niin, ett\u00e4 sen n\u00e4keminen pirist\u00e4\u00e4. <a href=\"https:\/\/www.smartphoto.fi\/kuvalahjat\/iphone-suojakuoret\" target=\"_blank\" rel=\"noopener noreferrer\">Suojakuoret<\/a> l\u00f6ytyv\u00e4t sek\u00e4 Samsung Galaxylle, ett\u00e4 iPhonille.<\/p>\n<p>Oletko kokeillut yhdist\u00e4\u00e4 puhelimen ja lompakon k\u00e4tev\u00e4ss\u00e4 <a href=\"https:\/\/www.smartphoto.fi\/kuvalahjat\/iphone-kannykkalompakko\" target=\"_blank\" rel=\"noopener noreferrer\">k\u00e4nnykk\u00e4lompakossa<\/a>?<\/p>\n<h2><img loading=\"lazy\" decoding=\"async\" class=\"aligncenter wp-image-5983 size-full\" src=\"https:\/\/storage.googleapis.com\/smartphoto-express-production-wp-blogs-com\/12\/2019\/07\/work-6.png\" alt=\"Hyv\u00e4 j\u00e4rjestys helpottaa ty\u00f6ntekoa\" width=\"720\" height=\"360\" srcset=\"https:\/\/storage.googleapis.com\/smartphoto-express-production-wp-blogs-com\/12\/2019\/07\/work-6.png 720w, https:\/\/storage.googleapis.com\/smartphoto-express-production-wp-blogs-com\/12\/2019\/07\/work-6-300x150.png 300w\" sizes=\"auto, (max-width: 720px) 100vw, 720px\" \/><\/h2>\n<h2>Hyv\u00e4 j\u00e4rjestys helpottaa ty\u00f6ntekoa<\/h2>\n<p>Joskus ty\u00f6n suunnittelu on j\u00e4\u00e4nyt tekem\u00e4tt\u00e4, ja tuntuu ett\u00e4 on mahdotonta ehti\u00e4 tehd\u00e4 kaikki teht\u00e4v\u00e4t. Silloin to do-listan laatiminen voi auttaa. Sit\u00e4 varten on aina hyv\u00e4 pit\u00e4\u00e4 kirjoitusv\u00e4lineit\u00e4 ulottuvilla, ja mik\u00e4 parempi paikka koota ajatukset kuin <a href=\"https:\/\/www.smartphoto.fi\/kuvalahjat\/kirjoitusvihko\" target=\"_blank\" rel=\"noopener noreferrer\">persoonallinen kirjoitusvinko<\/a>. Vihko on saatavilla kolmessa eri koossa, ja paperi on ruutupaperia, mik\u00e4 helpottaa kirjoittamista.<\/p>\n<p>Kyn\u00e4t ja muut toimistotarvikkeet pid\u00e4t helposti j\u00e4rjestyksess\u00e4 <a href=\"https:\/\/www.smartphoto.fi\/kuvalahjat\/kynateline\" target=\"_blank\" rel=\"noopener noreferrer\">kolmion muotoisessa kyn\u00e4telineess\u00e4<\/a>, tai <a href=\"https:\/\/www.smartphoto.fi\/kuvalahjat\/alumiini-penaali\" target=\"_blank\" rel=\"noopener noreferrer\">alumiini penaalissa<\/a>.<\/p>\n<h2><img loading=\"lazy\" decoding=\"async\" class=\"aligncenter wp-image-5986 size-full\" src=\"https:\/\/storage.googleapis.com\/smartphoto-express-production-wp-blogs-com\/12\/2019\/07\/work-3.png\" alt=\"Muista pit\u00e4\u00e4 taukoa\" width=\"720\" height=\"360\" srcset=\"https:\/\/storage.googleapis.com\/smartphoto-express-production-wp-blogs-com\/12\/2019\/07\/work-3.png 720w, https:\/\/storage.googleapis.com\/smartphoto-express-production-wp-blogs-com\/12\/2019\/07\/work-3-300x150.png 300w\" sizes=\"auto, (max-width: 720px) 100vw, 720px\" \/><\/h2>\n<h2>Muista pit\u00e4\u00e4 taukoa<\/h2>\n<p>Ty\u00f6p\u00e4iv\u00e4\u00e4n pit\u00e4isi mahtua kaksi kahvitaukoa, mutta aina ei ehdi istua alas juomaan kahvia. Hieno muki tekee kuitenkin kahvittelusta mukavampaa my\u00f6s silloin, kun joudut juomaan kahvin tietokoneen \u00e4\u00e4ress\u00e4. Smartphotolta l\u00f6yd\u00e4t monta eri mallia, joihin saat itse valita sopivan motiivin.<\/p>\n<p>Ihastut varmasti <a href=\"https:\/\/www.smartphoto.fi\/kuvalahjat\/varillinen-muki\" target=\"_blank\" rel=\"noopener noreferrer\">v\u00e4rilliseen mukiin<\/a>, joka on saatavana kolmessa eri v\u00e4riss\u00e4. Ylivoimaisesti j\u00e4nnitt\u00e4vimm\u00e4n kahvihetken tarjoaa <a href=\"https:\/\/www.smartphoto.fi\/kuvalahjat\/taikamuki\" target=\"_blank\" rel=\"noopener noreferrer\">taikamuki<\/a>, jonka kuva ilmestyy mukiin kun siihen kaataa kuumaa juotavaa!<\/p>\n<p>Jos aamukahvit j\u00e4\u00e4 kiireess\u00e4 juomatta, k\u00e4tev\u00e4 <a href=\"https:\/\/www.smartphoto.fi\/kuvalahjat\/matkamuki\" target=\"_blank\" rel=\"noopener noreferrer\">matkamuki<\/a>&nbsp;voi helpottaa arkeasi.<\/p>\n<p><strong>Toivotamme sujuvaa paluuta arkeen ja ty\u00f6niloa!<\/strong><\/p>\n","protected":false},"excerpt":{"rendered":"<p>Elokuu merkitsee paluu t\u00f6ihin, kouluihin ja tavalliseen arkeen. Toivottavasti kes\u00e4 on ollut ihanan rentouttava, ja olet t\u00e4ynn\u00e4 uutta inspiraatiota ja halua p\u00e4\u00e4st\u00e4 takaisin ty\u00f6n pariin. Jos paluu arkeen kuitenkin tuntuu vaikealta, olemme t\u00e4ss\u00e4 postauksessa ker\u00e4nneet muutaman vinkin, jotka tekev\u00e4t ty\u00f6nteosta huomattavasti hauskempaa! Pirist\u00e4 ty\u00f6p\u00f6yt\u00e4si ihanilla kuvilla Kuvat perheenj\u00e4senist\u00e4 saavat meid\u00e4t hyv\u00e4lle tuulelle, ja kuvat voivat saada rankankin p\u00e4iv\u00e4n tuntumaan v\u00e4h\u00e4n helpommalta. Siksi moni meist\u00e4 pit\u00e4\u00e4 valokuvia lapsista tai puolisosta n\u00e4kyv\u00e4ss\u00e4 paikassa my\u00f6s ty\u00f6paikalla. Jos kuitenkin perinteinen kehystetty valokuva tuntuu tyls\u00e4lt\u00e4, meid\u00e4n valikoimasta l\u00f6ytyy monta vaihtoehtoa valokuvan p\u00e4ivitt\u00e4miseen. Kuumin sisustustrendi on puu kaikessa muodossa, niin mikset painattaisi valokuvat suoraan puulle?&nbsp;Smartphotolta saat<\/p>\n","protected":false},"author":43,"featured_media":5985,"comment_status":"open","ping_status":"open","sticky":false,"template":"","format":"standard","meta":{"om_disable_all_campaigns":false,"_monsterinsights_skip_tracking":false,"_monsterinsights_sitenote_active":false,"_monsterinsights_sitenote_note":"","_monsterinsights_sitenote_category":0,"footnotes":""},"categories":[1],"tags":[22,24],"class_list":["post-5980","post","type-post","status-publish","format-standard","has-post-thumbnail","hentry","category-uncategorized","tag-paluu-arkeen","tag-takaisin-kouluun"],"yoast_head":"<!-- This site is optimized with the Yoast SEO plugin v23.8 - https:\/\/yoast.com\/wordpress\/plugins\/seo\/ -->\n<title>Vinkkej\u00e4 onnistuneeseen t\u00f6ihin paluun - smartblogi Inspiraatio<\/title>\n<meta name=\"description\" content=\"Jos paluu arkeen kuitenkin tuntuu vaikealta, olemme t\u00e4ss\u00e4 postauksessa ker\u00e4nneet muutama vinkki, jotka tekev\u00e4t ty\u00f6nteosta huomattavasti hauskempaa!\" \/>\n<meta name=\"robots\" content=\"index, follow, max-snippet:-1, max-image-preview:large, max-video-preview:-1\" \/>\n<link rel=\"canonical\" href=\"https:\/\/www.smartphoto.fi\/blogi\/paluu-arkeen-ihanaa-vai-inhottavaa-vinkkeja-onnistuneeseen-toihin-paluun\" \/>\n<meta property=\"og:locale\" content=\"fi_FI\" \/>\n<meta property=\"og:type\" content=\"article\" \/>\n<meta property=\"og:title\" content=\"Vinkkej\u00e4 onnistuneeseen t\u00f6ihin paluun - smartblogi Inspiraatio\" \/>\n<meta property=\"og:description\" content=\"Jos paluu arkeen kuitenkin tuntuu vaikealta, olemme t\u00e4ss\u00e4 postauksessa ker\u00e4nneet muutama vinkki, jotka tekev\u00e4t ty\u00f6nteosta huomattavasti hauskempaa!\" \/>\n<meta property=\"og:url\" content=\"\/blogi\/paluu-arkeen-ihanaa-vai-inhottavaa-vinkkeja-onnistuneeseen-toihin-paluun\" \/>\n<meta property=\"og:site_name\" content=\"smartblogi Inspiraatio - Kuvavinkit - DIY\" \/>\n<meta property=\"article:publisher\" content=\"https:\/\/www.facebook.com\/smartphotofi\" \/>\n<meta property=\"article:published_time\" content=\"2019-09-10T14:55:43+00:00\" \/>\n<meta property=\"article:modified_time\" content=\"2021-12-13T09:49:06+00:00\" \/>\n<meta property=\"og:image\" content=\"https:\/\/storage.googleapis.com\/smartphoto-express-production-wp-blogs-com\/12\/2019\/07\/work-4.png\" \/>\n\t<meta property=\"og:image:width\" content=\"720\" \/>\n\t<meta property=\"og:image:height\" content=\"360\" \/>\n\t<meta property=\"og:image:type\" content=\"image\/png\" \/>\n<meta name=\"author\" content=\"malin\" \/>\n<meta name=\"twitter:card\" content=\"summary_large_image\" \/>\n<meta name=\"twitter:label1\" content=\"Written by\" \/>\n\t<meta name=\"twitter:data1\" content=\"malin\" \/>\n\t<meta name=\"twitter:label2\" content=\"Est. reading time\" \/>\n\t<meta name=\"twitter:data2\" content=\"2 minutes\" \/>\n<script type=\"application\/ld+json\" class=\"yoast-schema-graph\">{\"@context\":\"https:\/\/schema.org\",\"@graph\":[{\"@type\":\"WebPage\",\"@id\":\"\/blogi\/paluu-arkeen-ihanaa-vai-inhottavaa-vinkkeja-onnistuneeseen-toihin-paluun\",\"url\":\"https:\/\/www.smartphoto.fi\/blogi\/paluu-arkeen-ihanaa-vai-inhottavaa-vinkkeja-onnistuneeseen-toihin-paluun\",\"name\":\"Vinkkej\u00e4 onnistuneeseen t\u00f6ihin paluun - smartblogi Inspiraatio\",\"isPartOf\":{\"@id\":\"https:\/\/www.smartphoto.fi\/blogi\/#website\"},\"primaryImageOfPage\":{\"@id\":\"https:\/\/www.smartphoto.fi\/blogi\/paluu-arkeen-ihanaa-vai-inhottavaa-vinkkeja-onnistuneeseen-toihin-paluun#primaryimage\"},\"image\":{\"@id\":\"https:\/\/www.smartphoto.fi\/blogi\/paluu-arkeen-ihanaa-vai-inhottavaa-vinkkeja-onnistuneeseen-toihin-paluun#primaryimage\"},\"thumbnailUrl\":\"https:\/\/storage.googleapis.com\/smartphoto-express-production-wp-blogs-com\/12\/2019\/07\/work-4.png\",\"datePublished\":\"2019-09-10T14:55:43+00:00\",\"dateModified\":\"2021-12-13T09:49:06+00:00\",\"author\":{\"@id\":\"https:\/\/www.smartphoto.fi\/blogi\/#\/schema\/person\/e1dc42bb049711d76629e918c4f13253\"},\"description\":\"Jos paluu arkeen kuitenkin tuntuu vaikealta, olemme t\u00e4ss\u00e4 postauksessa ker\u00e4nneet muutama vinkki, jotka tekev\u00e4t ty\u00f6nteosta huomattavasti hauskempaa!\",\"breadcrumb\":{\"@id\":\"https:\/\/www.smartphoto.fi\/blogi\/paluu-arkeen-ihanaa-vai-inhottavaa-vinkkeja-onnistuneeseen-toihin-paluun#breadcrumb\"},\"inLanguage\":\"fi\",\"potentialAction\":[{\"@type\":\"ReadAction\",\"target\":[\"https:\/\/www.smartphoto.fi\/blogi\/paluu-arkeen-ihanaa-vai-inhottavaa-vinkkeja-onnistuneeseen-toihin-paluun\"]}]},{\"@type\":\"ImageObject\",\"inLanguage\":\"fi\",\"@id\":\"https:\/\/www.smartphoto.fi\/blogi\/paluu-arkeen-ihanaa-vai-inhottavaa-vinkkeja-onnistuneeseen-toihin-paluun#primaryimage\",\"url\":\"https:\/\/storage.googleapis.com\/smartphoto-express-production-wp-blogs-com\/12\/2019\/07\/work-4.png\",\"contentUrl\":\"https:\/\/storage.googleapis.com\/smartphoto-express-production-wp-blogs-com\/12\/2019\/07\/work-4.png\",\"width\":720,\"height\":360},{\"@type\":\"BreadcrumbList\",\"@id\":\"https:\/\/www.smartphoto.fi\/blogi\/paluu-arkeen-ihanaa-vai-inhottavaa-vinkkeja-onnistuneeseen-toihin-paluun#breadcrumb\",\"itemListElement\":[{\"@type\":\"ListItem\",\"position\":1,\"name\":\"Home\",\"item\":\"\/blogi\/\"},{\"@type\":\"ListItem\",\"position\":2,\"name\":\"Paluu arkeen &#8211; ihanaa vai inhottavaa? Vinkkej\u00e4 onnistuneeseen t\u00f6ihin paluun\"}]},{\"@type\":\"WebSite\",\"@id\":\"https:\/\/www.smartphoto.fi\/blogi\/#website\",\"url\":\"https:\/\/www.smartphoto.fi\/blogi\/\",\"name\":\"smartblogi Inspiraatio - Kuvavinkit - DIY\",\"description\":\"smartblogi Inspiraatio - Kuvavinkit - DIY\",\"potentialAction\":[{\"@type\":\"SearchAction\",\"target\":{\"@type\":\"EntryPoint\",\"urlTemplate\":\"https:\/\/www.smartphoto.fi\/blogi\/?s={search_term_string}\"},\"query-input\":{\"@type\":\"PropertyValueSpecification\",\"valueRequired\":true,\"valueName\":\"search_term_string\"}}],\"inLanguage\":\"fi\"},{\"@type\":\"Person\",\"@id\":\"https:\/\/www.smartphoto.fi\/blogi\/#\/schema\/person\/e1dc42bb049711d76629e918c4f13253\",\"name\":\"malin\",\"image\":{\"@type\":\"ImageObject\",\"inLanguage\":\"fi\",\"@id\":\"https:\/\/www.smartphoto.fi\/blogi\/#\/schema\/person\/image\/\",\"url\":\"https:\/\/secure.gravatar.com\/avatar\/61a2151c3145e8a9525d5c3c0dac91c6?s=96&d=mm&r=g\",\"contentUrl\":\"https:\/\/secure.gravatar.com\/avatar\/61a2151c3145e8a9525d5c3c0dac91c6?s=96&d=mm&r=g\",\"caption\":\"malin\"},\"url\":\"https:\/\/www.smartphoto.fi\/blogi\/author\/malin\"}]}<\/script>\n<!-- \/ Yoast SEO plugin. -->","yoast_head_json":{"title":"Vinkkej\u00e4 onnistuneeseen t\u00f6ihin paluun - smartblogi Inspiraatio","description":"Jos paluu arkeen kuitenkin tuntuu vaikealta, olemme t\u00e4ss\u00e4 postauksessa ker\u00e4nneet muutama vinkki, jotka tekev\u00e4t ty\u00f6nteosta huomattavasti hauskempaa!","robots":{"index":"index","follow":"follow","max-snippet":"max-snippet:-1","max-image-preview":"max-image-preview:large","max-video-preview":"max-video-preview:-1"},"canonical":"https:\/\/www.smartphoto.fi\/blogi\/paluu-arkeen-ihanaa-vai-inhottavaa-vinkkeja-onnistuneeseen-toihin-paluun","og_locale":"fi_FI","og_type":"article","og_title":"Vinkkej\u00e4 onnistuneeseen t\u00f6ihin paluun - smartblogi Inspiraatio","og_description":"Jos paluu arkeen kuitenkin tuntuu vaikealta, olemme t\u00e4ss\u00e4 postauksessa ker\u00e4nneet muutama vinkki, jotka tekev\u00e4t ty\u00f6nteosta huomattavasti hauskempaa!","og_url":"\/blogi\/paluu-arkeen-ihanaa-vai-inhottavaa-vinkkeja-onnistuneeseen-toihin-paluun","og_site_name":"smartblogi Inspiraatio - Kuvavinkit - DIY","article_publisher":"https:\/\/www.facebook.com\/smartphotofi","article_published_time":"2019-09-10T14:55:43+00:00","article_modified_time":"2021-12-13T09:49:06+00:00","og_image":[{"width":720,"height":360,"url":"https:\/\/storage.googleapis.com\/smartphoto-express-production-wp-blogs-com\/12\/2019\/07\/work-4.png","type":"image\/png"}],"author":"malin","twitter_card":"summary_large_image","twitter_misc":{"Written by":"malin","Est. reading time":"2 minutes"},"schema":{"@context":"https:\/\/schema.org","@graph":[{"@type":"WebPage","@id":"\/blogi\/paluu-arkeen-ihanaa-vai-inhottavaa-vinkkeja-onnistuneeseen-toihin-paluun","url":"https:\/\/www.smartphoto.fi\/blogi\/paluu-arkeen-ihanaa-vai-inhottavaa-vinkkeja-onnistuneeseen-toihin-paluun","name":"Vinkkej\u00e4 onnistuneeseen t\u00f6ihin paluun - smartblogi Inspiraatio","isPartOf":{"@id":"https:\/\/www.smartphoto.fi\/blogi\/#website"},"primaryImageOfPage":{"@id":"https:\/\/www.smartphoto.fi\/blogi\/paluu-arkeen-ihanaa-vai-inhottavaa-vinkkeja-onnistuneeseen-toihin-paluun#primaryimage"},"image":{"@id":"https:\/\/www.smartphoto.fi\/blogi\/paluu-arkeen-ihanaa-vai-inhottavaa-vinkkeja-onnistuneeseen-toihin-paluun#primaryimage"},"thumbnailUrl":"https:\/\/storage.googleapis.com\/smartphoto-express-production-wp-blogs-com\/12\/2019\/07\/work-4.png","datePublished":"2019-09-10T14:55:43+00:00","dateModified":"2021-12-13T09:49:06+00:00","author":{"@id":"https:\/\/www.smartphoto.fi\/blogi\/#\/schema\/person\/e1dc42bb049711d76629e918c4f13253"},"description":"Jos paluu arkeen kuitenkin tuntuu vaikealta, olemme t\u00e4ss\u00e4 postauksessa ker\u00e4nneet muutama vinkki, jotka tekev\u00e4t ty\u00f6nteosta huomattavasti hauskempaa!","breadcrumb":{"@id":"https:\/\/www.smartphoto.fi\/blogi\/paluu-arkeen-ihanaa-vai-inhottavaa-vinkkeja-onnistuneeseen-toihin-paluun#breadcrumb"},"inLanguage":"fi","potentialAction":[{"@type":"ReadAction","target":["https:\/\/www.smartphoto.fi\/blogi\/paluu-arkeen-ihanaa-vai-inhottavaa-vinkkeja-onnistuneeseen-toihin-paluun"]}]},{"@type":"ImageObject","inLanguage":"fi","@id":"https:\/\/www.smartphoto.fi\/blogi\/paluu-arkeen-ihanaa-vai-inhottavaa-vinkkeja-onnistuneeseen-toihin-paluun#primaryimage","url":"https:\/\/storage.googleapis.com\/smartphoto-express-production-wp-blogs-com\/12\/2019\/07\/work-4.png","contentUrl":"https:\/\/storage.googleapis.com\/smartphoto-express-production-wp-blogs-com\/12\/2019\/07\/work-4.png","width":720,"height":360},{"@type":"BreadcrumbList","@id":"https:\/\/www.smartphoto.fi\/blogi\/paluu-arkeen-ihanaa-vai-inhottavaa-vinkkeja-onnistuneeseen-toihin-paluun#breadcrumb","itemListElement":[{"@type":"ListItem","position":1,"name":"Home","item":"\/blogi\/"},{"@type":"ListItem","position":2,"name":"Paluu arkeen &#8211; ihanaa vai inhottavaa? Vinkkej\u00e4 onnistuneeseen t\u00f6ihin paluun"}]},{"@type":"WebSite","@id":"https:\/\/www.smartphoto.fi\/blogi\/#website","url":"https:\/\/www.smartphoto.fi\/blogi\/","name":"smartblogi Inspiraatio - Kuvavinkit - DIY","description":"smartblogi Inspiraatio - Kuvavinkit - DIY","potentialAction":[{"@type":"SearchAction","target":{"@type":"EntryPoint","urlTemplate":"https:\/\/www.smartphoto.fi\/blogi\/?s={search_term_string}"},"query-input":{"@type":"PropertyValueSpecification","valueRequired":true,"valueName":"search_term_string"}}],"inLanguage":"fi"},{"@type":"Person","@id":"https:\/\/www.smartphoto.fi\/blogi\/#\/schema\/person\/e1dc42bb049711d76629e918c4f13253","name":"malin","image":{"@type":"ImageObject","inLanguage":"fi","@id":"https:\/\/www.smartphoto.fi\/blogi\/#\/schema\/person\/image\/","url":"https:\/\/secure.gravatar.com\/avatar\/61a2151c3145e8a9525d5c3c0dac91c6?s=96&d=mm&r=g","contentUrl":"https:\/\/secure.gravatar.com\/avatar\/61a2151c3145e8a9525d5c3c0dac91c6?s=96&d=mm&r=g","caption":"malin"},"url":"https:\/\/www.smartphoto.fi\/blogi\/author\/malin"}]}},"_links":{"self":[{"href":"https:\/\/www.smartphoto.fi\/blogi\/wp-json\/wp\/v2\/posts\/5980","targetHints":{"allow":["GET"]}}],"collection":[{"href":"https:\/\/www.smartphoto.fi\/blogi\/wp-json\/wp\/v2\/posts"}],"about":[{"href":"https:\/\/www.smartphoto.fi\/blogi\/wp-json\/wp\/v2\/types\/post"}],"author":[{"embeddable":true,"href":"https:\/\/www.smartphoto.fi\/blogi\/wp-json\/wp\/v2\/users\/43"}],"replies":[{"embeddable":true,"href":"https:\/\/www.smartphoto.fi\/blogi\/wp-json\/wp\/v2\/comments?post=5980"}],"version-history":[{"count":6,"href":"https:\/\/www.smartphoto.fi\/blogi\/wp-json\/wp\/v2\/posts\/5980\/revisions"}],"predecessor-version":[{"id":6010,"href":"https:\/\/www.smartphoto.fi\/blogi\/wp-json\/wp\/v2\/posts\/5980\/revisions\/6010"}],"wp:featuredmedia":[{"embeddable":true,"href":"https:\/\/www.smartphoto.fi\/blogi\/wp-json\/wp\/v2\/media\/5985"}],"wp:attachment":[{"href":"https:\/\/www.smartphoto.fi\/blogi\/wp-json\/wp\/v2\/media?parent=5980"}],"wp:term":[{"taxonomy":"category","embeddable":true,"href":"https:\/\/www.smartphoto.fi\/blogi\/wp-json\/wp\/v2\/categories?post=5980"},{"taxonomy":"post_tag","embeddable":true,"href":"https:\/\/www.smartphoto.fi\/blogi\/wp-json\/wp\/v2\/tags?post=5980"}],"curies":[{"name":"wp","href":"https:\/\/api.w.org\/{rel}","templated":true}]}}