{"id":7929,"date":"2023-09-28T16:34:56","date_gmt":"2023-09-28T13:34:56","guid":{"rendered":"https:\/\/www.smartphoto.fi\/blogi\/?p=7929"},"modified":"2023-09-28T16:35:00","modified_gmt":"2023-09-28T13:35:00","slug":"syksy-on-saapunut-nain-teet-koti-illastasi-tunnelmallisen","status":"publish","type":"post","link":"https:\/\/www.smartphoto.fi\/blogi\/syksy-on-saapunut-nain-teet-koti-illastasi-tunnelmallisen","title":{"rendered":"Syksy on saapunut \u2013 n\u00e4in teet koti-illastasi tunnelmallisen"},"content":{"rendered":"\n<p>Illat pimenev\u00e4t ja l\u00e4mp\u00f6tila laskee \u2013 syksy on t\u00e4\u00e4ll\u00e4 taas. Monille syksyn tulo saattaa tarkoittaa enemm\u00e4n aikaa kotioloissa kun kes\u00e4n j\u00e4lkeen pimeys ja kylmyys yll\u00e4tt\u00e4v\u00e4t. Rauhalliset koti-illat ovat usein tervetulleita hektisen ty\u00f6arjen l\u00e4htiess\u00e4 k\u00e4yntiin kes\u00e4n j\u00e4lkeen \u2013 onko olemassa mit\u00e4\u00e4n rentouttavampaa kuin istua sohvalla kietoutuneena paksuun vilttiin samalla, kun sade ropisee ulkona? Poimi t\u00e4st\u00e4 postauksesta vinkit mukavan koti-illan luomiseen.<\/p>\n\n\n\n<figure class=\"wp-block-image size-full\"><img loading=\"lazy\" decoding=\"async\" width=\"720\" height=\"360\" src=\"https:\/\/storage.googleapis.com\/smartphoto-express-production-wp-blogs-com\/12\/2023\/09\/edit2.jpg\" alt=\"\" class=\"wp-image-7926\" srcset=\"https:\/\/storage.googleapis.com\/smartphoto-express-production-wp-blogs-com\/12\/2023\/09\/edit2.jpg 720w, https:\/\/storage.googleapis.com\/smartphoto-express-production-wp-blogs-com\/12\/2023\/09\/edit2-300x150.jpg 300w\" sizes=\"auto, (max-width: 720px) 100vw, 720px\" \/><\/figure>\n\n\n\n<h2 class=\"wp-block-heading\">Luo kodikkuutta ja l\u00e4mp\u00f6\u00e4<\/h2>\n\n\n\n<p>Arjessa on t\u00e4rke\u00e4 antaa itselleen lupa rentoutua ja vain olla ilman syyllisyyden tunteita, ja sateiset syysillat ovat t\u00e4ydellisi\u00e4 t\u00e4h\u00e4n. Sohva, mukavat vaatteet, villasukat ja l\u00e4mmin viltti ovat ilmiselv\u00e4t ainekset mukavan koti-illan viett\u00e4miseen. Viihtyisyytt\u00e4 voi lis\u00e4t\u00e4 tunnelmavalaistuksella ja <a href=\"https:\/\/www.smartphoto.fi\/kuvalahjat\/tuikkukippo?pvc=CandleHolderWoodSqUVSet2\" target=\"_blank\" rel=\"noreferrer noopener\">kynttil\u00f6ill\u00e4<\/a>, sek\u00e4 ihanalla <a href=\"https:\/\/www.smartphoto.fi\/kuvalahjat\/lasinen-diffuuseri-kaiverruksella?pvc=HousePerfumeXLStickGoldRoseSqUV\" target=\"_blank\" rel=\"noreferrer noopener\">tuoksulla<\/a>  kodissa. Rentoutumista voi lis\u00e4t\u00e4 pienell\u00e4 kotikylpyl\u00e4-hetkell\u00e4, esimerkiksi kasvomaski ja jalkakylpy rentouttavat mukavasti kehoa ja mielt\u00e4.<\/p>\n\n\n\n<figure class=\"wp-block-image size-full\"><img loading=\"lazy\" decoding=\"async\" width=\"720\" height=\"360\" src=\"https:\/\/storage.googleapis.com\/smartphoto-express-production-wp-blogs-com\/12\/2023\/09\/edit3.jpg\" alt=\"\" class=\"wp-image-7927\" srcset=\"https:\/\/storage.googleapis.com\/smartphoto-express-production-wp-blogs-com\/12\/2023\/09\/edit3.jpg 720w, https:\/\/storage.googleapis.com\/smartphoto-express-production-wp-blogs-com\/12\/2023\/09\/edit3-300x150.jpg 300w\" sizes=\"auto, (max-width: 720px) 100vw, 720px\" \/><\/figure>\n\n\n\n<h2 class=\"wp-block-heading\">Tarjoilut kohdilleen<\/h2>\n\n\n\n<p>Koti-illan kruunaa herkut ja l\u00e4mmin juotava, kuten tee, kaakao tai vaikkapa gl\u00f6gi. Teen voi tarjoilla suloisesta puisesta <a href=\"https:\/\/www.smartphoto.fi\/kuvalahjat\/puinen-teelaatikko-kaiverruksella\" target=\"_blank\" rel=\"noreferrer noopener\">teelaatikosta<\/a> sek\u00e4 persoonallisesta <a href=\"https:\/\/www.smartphoto.fi\/kuvalahjat\/sydanmuki-kuvalla\" target=\"_blank\" rel=\"noreferrer noopener\">teemukista<\/a>. Sy\u00f6t\u00e4v\u00e4n suunnittelussa voi k\u00e4ytt\u00e4\u00e4 luovuutta, esimerkiksi leipoa lempiherkkuja tai suunnitella t\u00e4ydellisen juustolautasen. Syksyll\u00e4 kotimaiset omenat maistuvat muun muassa omenapiirakan muodossa tai omenahillon muodossa juustolautaselle. Monimutkaiset tarjoilut eiv\u00e4t ole pakollisia, vaan on my\u00f6s t\u00e4ysin sopivaa rentoutua sipsipussin ja dipin kanssa sohvalle. T\u00e4rkeint\u00e4 on, ett\u00e4 hemmottelee itsens\u00e4 ja turha stressi pysyy kaukana mukavasta kotihetkest\u00e4.<\/p>\n\n\n\n<figure class=\"wp-block-image size-full\"><img loading=\"lazy\" decoding=\"async\" width=\"720\" height=\"360\" src=\"https:\/\/storage.googleapis.com\/smartphoto-express-production-wp-blogs-com\/12\/2023\/09\/edit4.jpg\" alt=\"\" class=\"wp-image-7928\" srcset=\"https:\/\/storage.googleapis.com\/smartphoto-express-production-wp-blogs-com\/12\/2023\/09\/edit4.jpg 720w, https:\/\/storage.googleapis.com\/smartphoto-express-production-wp-blogs-com\/12\/2023\/09\/edit4-300x150.jpg 300w\" sizes=\"auto, (max-width: 720px) 100vw, 720px\" \/><\/figure>\n\n\n\n<h2 class=\"wp-block-heading\">Tekemist\u00e4 koti-iltaan<\/h2>\n\n\n\n<p>Koti-illan voi viett\u00e4\u00e4 mink\u00e4 aktiviteetin tahansa parissa, joka tuo itselle iloa ja rentoutumista. Voi katsoa elokuvan tai sarjan, lukea lehte\u00e4 tai uppoutua hyv\u00e4n kirjan maailmaan. Jos koti-iltaa vietet\u00e4\u00e4n useamman henkil\u00f6n kanssa, lautapeli, videopeli tai <a href=\"https:\/\/www.smartphoto.fi\/kuvalahjat\/pelikortit\" target=\"_blank\" rel=\"noreferrer noopener\">korttipeli<\/a> ovat todella hauskoja vaihtoehtoja ja niist\u00e4 l\u00f6ytyy loputtomasti viihdytyst\u00e4 ja vaihtelua. Syksyiset koti-illat ovat my\u00f6s t\u00e4ydellisi\u00e4 uuden taidon oppimiseen tai kotiharrastuksen aloittamiseen. Esimerkiksi piirt\u00e4minen, neulominen tai ompeleminen voivat olla hauskoja ja rentouttavia aktiviteetteja kotona, ja lis\u00e4ksi niit\u00e4 voi halutessaan tehd\u00e4 samalla kun katsoo lempisarjaa. Viimeiseksi koti-ilta on oiva tilaisuus k\u00e4yd\u00e4 l\u00e4pi vanhoja valokuvia ja suunnitella seuraava valokuvakirja tai kalenteri parhaista tuotoksista.<\/p>\n\n\n\n<figure class=\"wp-block-image size-full\"><img loading=\"lazy\" decoding=\"async\" width=\"720\" height=\"360\" src=\"https:\/\/storage.googleapis.com\/smartphoto-express-production-wp-blogs-com\/12\/2023\/09\/edit5.jpg\" alt=\"\" class=\"wp-image-7924\" srcset=\"https:\/\/storage.googleapis.com\/smartphoto-express-production-wp-blogs-com\/12\/2023\/09\/edit5.jpg 720w, https:\/\/storage.googleapis.com\/smartphoto-express-production-wp-blogs-com\/12\/2023\/09\/edit5-300x150.jpg 300w\" sizes=\"auto, (max-width: 720px) 100vw, 720px\" \/><\/figure>\n\n\n\n<p>Tunnelmallisia ja rentouttavia koti-iltoja odotellessa, tsemppi\u00e4 syksyyn!<\/p>\n","protected":false},"excerpt":{"rendered":"<p>Illat pimenev\u00e4t ja l\u00e4mp\u00f6tila laskee \u2013 syksy on t\u00e4\u00e4ll\u00e4 taas. Monille syksyn tulo saattaa tarkoittaa enemm\u00e4n aikaa kotioloissa kun kes\u00e4n j\u00e4lkeen pimeys ja kylmyys yll\u00e4tt\u00e4v\u00e4t. Rauhalliset koti-illat ovat usein tervetulleita hektisen ty\u00f6arjen l\u00e4htiess\u00e4 k\u00e4yntiin kes\u00e4n j\u00e4lkeen \u2013 onko olemassa mit\u00e4\u00e4n rentouttavampaa kuin istua sohvalla kietoutuneena paksuun vilttiin samalla, kun sade ropisee ulkona? Poimi t\u00e4st\u00e4 postauksesta vinkit mukavan koti-illan luomiseen. Luo kodikkuutta ja l\u00e4mp\u00f6\u00e4 Arjessa on t\u00e4rke\u00e4 antaa itselleen lupa rentoutua ja vain olla ilman syyllisyyden tunteita, ja sateiset syysillat ovat t\u00e4ydellisi\u00e4 t\u00e4h\u00e4n. Sohva, mukavat vaatteet, villasukat ja l\u00e4mmin viltti ovat ilmiselv\u00e4t ainekset mukavan koti-illan viett\u00e4miseen. Viihtyisyytt\u00e4 voi lis\u00e4t\u00e4 tunnelmavalaistuksella ja<\/p>\n","protected":false},"author":43,"featured_media":7925,"comment_status":"open","ping_status":"open","sticky":false,"template":"","format":"standard","meta":{"om_disable_all_campaigns":false,"_monsterinsights_skip_tracking":false,"_monsterinsights_sitenote_active":false,"_monsterinsights_sitenote_note":"","_monsterinsights_sitenote_category":0,"footnotes":""},"categories":[5],"tags":[84,113,27],"class_list":["post-7929","post","type-post","status-publish","format-standard","has-post-thumbnail","hentry","category-inspiraatio","tag-askarteluhetki","tag-pelikortit","tag-syksy"],"yoast_head":"<!-- This site is optimized with the Yoast SEO plugin v23.8 - https:\/\/yoast.com\/wordpress\/plugins\/seo\/ -->\n<title>Syksy on saapunut \u2013 n\u00e4in teet koti-illastasi tunnelmallisen - smartblogi Inspiraatio - Kuvavinkit - DIY<\/title>\n<meta name=\"description\" content=\"Illat pimenev\u00e4t ja l\u00e4mp\u00f6tila laskee \u2013 syksy on t\u00e4\u00e4ll\u00e4 taas. Monille syksyn tulo saattaa tarkoittaa enemm\u00e4n aikaa kotioloissa kun kes\u00e4n j\u00e4lkeen pimeys ja kylmyys yll\u00e4tt\u00e4v\u00e4t. Rauhalliset koti-illat ovat usein tervetulleita hektisen ty\u00f6arjen l\u00e4htiess\u00e4 k\u00e4yntiin kes\u00e4n j\u00e4lkeen.\" \/>\n<meta name=\"robots\" content=\"index, follow, max-snippet:-1, max-image-preview:large, max-video-preview:-1\" \/>\n<link rel=\"canonical\" href=\"https:\/\/www.smartphoto.fi\/blogi\/syksy-on-saapunut-nain-teet-koti-illastasi-tunnelmallisen\" \/>\n<meta property=\"og:locale\" content=\"fi_FI\" \/>\n<meta property=\"og:type\" content=\"article\" \/>\n<meta property=\"og:title\" content=\"Syksy on saapunut \u2013 n\u00e4in teet koti-illastasi tunnelmallisen - smartblogi Inspiraatio - Kuvavinkit - DIY\" \/>\n<meta property=\"og:description\" content=\"Illat pimenev\u00e4t ja l\u00e4mp\u00f6tila laskee \u2013 syksy on t\u00e4\u00e4ll\u00e4 taas. Monille syksyn tulo saattaa tarkoittaa enemm\u00e4n aikaa kotioloissa kun kes\u00e4n j\u00e4lkeen pimeys ja kylmyys yll\u00e4tt\u00e4v\u00e4t. Rauhalliset koti-illat ovat usein tervetulleita hektisen ty\u00f6arjen l\u00e4htiess\u00e4 k\u00e4yntiin kes\u00e4n j\u00e4lkeen.\" \/>\n<meta property=\"og:url\" content=\"https:\/\/www.smartphoto.fi\/blogi\/syksy-on-saapunut-nain-teet-koti-illastasi-tunnelmallisen\" \/>\n<meta property=\"og:site_name\" content=\"smartblogi Inspiraatio - Kuvavinkit - DIY\" \/>\n<meta property=\"article:publisher\" content=\"https:\/\/www.facebook.com\/smartphotofi\" \/>\n<meta property=\"article:published_time\" content=\"2023-09-28T13:34:56+00:00\" \/>\n<meta property=\"article:modified_time\" content=\"2023-09-28T13:35:00+00:00\" \/>\n<meta property=\"og:image\" content=\"https:\/\/storage.googleapis.com\/smartphoto-express-production-wp-blogs-com\/12\/2023\/09\/edit1.jpg\" \/>\n\t<meta property=\"og:image:width\" content=\"720\" \/>\n\t<meta property=\"og:image:height\" content=\"360\" \/>\n\t<meta property=\"og:image:type\" content=\"image\/jpeg\" \/>\n<meta name=\"author\" content=\"malin\" \/>\n<meta name=\"twitter:card\" content=\"summary_large_image\" \/>\n<meta name=\"twitter:label1\" content=\"Written by\" \/>\n\t<meta name=\"twitter:data1\" content=\"malin\" \/>\n\t<meta name=\"twitter:label2\" content=\"Est. reading time\" \/>\n\t<meta name=\"twitter:data2\" content=\"3 minutes\" \/>\n<script type=\"application\/ld+json\" class=\"yoast-schema-graph\">{\"@context\":\"https:\/\/schema.org\",\"@graph\":[{\"@type\":\"WebPage\",\"@id\":\"https:\/\/www.smartphoto.fi\/blogi\/syksy-on-saapunut-nain-teet-koti-illastasi-tunnelmallisen\",\"url\":\"https:\/\/www.smartphoto.fi\/blogi\/syksy-on-saapunut-nain-teet-koti-illastasi-tunnelmallisen\",\"name\":\"Syksy on saapunut \u2013 n\u00e4in teet koti-illastasi tunnelmallisen - smartblogi Inspiraatio - Kuvavinkit - DIY\",\"isPartOf\":{\"@id\":\"https:\/\/www.smartphoto.fi\/blogi\/#website\"},\"primaryImageOfPage\":{\"@id\":\"https:\/\/www.smartphoto.fi\/blogi\/syksy-on-saapunut-nain-teet-koti-illastasi-tunnelmallisen#primaryimage\"},\"image\":{\"@id\":\"https:\/\/www.smartphoto.fi\/blogi\/syksy-on-saapunut-nain-teet-koti-illastasi-tunnelmallisen#primaryimage\"},\"thumbnailUrl\":\"https:\/\/storage.googleapis.com\/smartphoto-express-production-wp-blogs-com\/12\/2023\/09\/edit1.jpg\",\"datePublished\":\"2023-09-28T13:34:56+00:00\",\"dateModified\":\"2023-09-28T13:35:00+00:00\",\"author\":{\"@id\":\"https:\/\/www.smartphoto.fi\/blogi\/#\/schema\/person\/e1dc42bb049711d76629e918c4f13253\"},\"description\":\"Illat pimenev\u00e4t ja l\u00e4mp\u00f6tila laskee \u2013 syksy on t\u00e4\u00e4ll\u00e4 taas. Monille syksyn tulo saattaa tarkoittaa enemm\u00e4n aikaa kotioloissa kun kes\u00e4n j\u00e4lkeen pimeys ja kylmyys yll\u00e4tt\u00e4v\u00e4t. Rauhalliset koti-illat ovat usein tervetulleita hektisen ty\u00f6arjen l\u00e4htiess\u00e4 k\u00e4yntiin kes\u00e4n j\u00e4lkeen.\",\"breadcrumb\":{\"@id\":\"https:\/\/www.smartphoto.fi\/blogi\/syksy-on-saapunut-nain-teet-koti-illastasi-tunnelmallisen#breadcrumb\"},\"inLanguage\":\"fi\",\"potentialAction\":[{\"@type\":\"ReadAction\",\"target\":[\"https:\/\/www.smartphoto.fi\/blogi\/syksy-on-saapunut-nain-teet-koti-illastasi-tunnelmallisen\"]}]},{\"@type\":\"ImageObject\",\"inLanguage\":\"fi\",\"@id\":\"https:\/\/www.smartphoto.fi\/blogi\/syksy-on-saapunut-nain-teet-koti-illastasi-tunnelmallisen#primaryimage\",\"url\":\"https:\/\/storage.googleapis.com\/smartphoto-express-production-wp-blogs-com\/12\/2023\/09\/edit1.jpg\",\"contentUrl\":\"https:\/\/storage.googleapis.com\/smartphoto-express-production-wp-blogs-com\/12\/2023\/09\/edit1.jpg\",\"width\":720,\"height\":360},{\"@type\":\"BreadcrumbList\",\"@id\":\"https:\/\/www.smartphoto.fi\/blogi\/syksy-on-saapunut-nain-teet-koti-illastasi-tunnelmallisen#breadcrumb\",\"itemListElement\":[{\"@type\":\"ListItem\",\"position\":1,\"name\":\"Home\",\"item\":\"\/blogi\/\"},{\"@type\":\"ListItem\",\"position\":2,\"name\":\"Syksy on saapunut \u2013 n\u00e4in teet koti-illastasi tunnelmallisen\"}]},{\"@type\":\"WebSite\",\"@id\":\"https:\/\/www.smartphoto.fi\/blogi\/#website\",\"url\":\"https:\/\/www.smartphoto.fi\/blogi\/\",\"name\":\"smartblogi Inspiraatio - Kuvavinkit - DIY\",\"description\":\"smartblogi Inspiraatio - Kuvavinkit - DIY\",\"potentialAction\":[{\"@type\":\"SearchAction\",\"target\":{\"@type\":\"EntryPoint\",\"urlTemplate\":\"https:\/\/www.smartphoto.fi\/blogi\/?s={search_term_string}\"},\"query-input\":{\"@type\":\"PropertyValueSpecification\",\"valueRequired\":true,\"valueName\":\"search_term_string\"}}],\"inLanguage\":\"fi\"},{\"@type\":\"Person\",\"@id\":\"https:\/\/www.smartphoto.fi\/blogi\/#\/schema\/person\/e1dc42bb049711d76629e918c4f13253\",\"name\":\"malin\",\"image\":{\"@type\":\"ImageObject\",\"inLanguage\":\"fi\",\"@id\":\"https:\/\/www.smartphoto.fi\/blogi\/#\/schema\/person\/image\/\",\"url\":\"https:\/\/secure.gravatar.com\/avatar\/61a2151c3145e8a9525d5c3c0dac91c6?s=96&d=mm&r=g\",\"contentUrl\":\"https:\/\/secure.gravatar.com\/avatar\/61a2151c3145e8a9525d5c3c0dac91c6?s=96&d=mm&r=g\",\"caption\":\"malin\"},\"url\":\"https:\/\/www.smartphoto.fi\/blogi\/author\/malin\"}]}<\/script>\n<!-- \/ Yoast SEO plugin. -->","yoast_head_json":{"title":"Syksy on saapunut \u2013 n\u00e4in teet koti-illastasi tunnelmallisen - smartblogi Inspiraatio - Kuvavinkit - DIY","description":"Illat pimenev\u00e4t ja l\u00e4mp\u00f6tila laskee \u2013 syksy on t\u00e4\u00e4ll\u00e4 taas. Monille syksyn tulo saattaa tarkoittaa enemm\u00e4n aikaa kotioloissa kun kes\u00e4n j\u00e4lkeen pimeys ja kylmyys yll\u00e4tt\u00e4v\u00e4t. Rauhalliset koti-illat ovat usein tervetulleita hektisen ty\u00f6arjen l\u00e4htiess\u00e4 k\u00e4yntiin kes\u00e4n j\u00e4lkeen.","robots":{"index":"index","follow":"follow","max-snippet":"max-snippet:-1","max-image-preview":"max-image-preview:large","max-video-preview":"max-video-preview:-1"},"canonical":"https:\/\/www.smartphoto.fi\/blogi\/syksy-on-saapunut-nain-teet-koti-illastasi-tunnelmallisen","og_locale":"fi_FI","og_type":"article","og_title":"Syksy on saapunut \u2013 n\u00e4in teet koti-illastasi tunnelmallisen - smartblogi Inspiraatio - Kuvavinkit - DIY","og_description":"Illat pimenev\u00e4t ja l\u00e4mp\u00f6tila laskee \u2013 syksy on t\u00e4\u00e4ll\u00e4 taas. Monille syksyn tulo saattaa tarkoittaa enemm\u00e4n aikaa kotioloissa kun kes\u00e4n j\u00e4lkeen pimeys ja kylmyys yll\u00e4tt\u00e4v\u00e4t. Rauhalliset koti-illat ovat usein tervetulleita hektisen ty\u00f6arjen l\u00e4htiess\u00e4 k\u00e4yntiin kes\u00e4n j\u00e4lkeen.","og_url":"https:\/\/www.smartphoto.fi\/blogi\/syksy-on-saapunut-nain-teet-koti-illastasi-tunnelmallisen","og_site_name":"smartblogi Inspiraatio - Kuvavinkit - DIY","article_publisher":"https:\/\/www.facebook.com\/smartphotofi","article_published_time":"2023-09-28T13:34:56+00:00","article_modified_time":"2023-09-28T13:35:00+00:00","og_image":[{"width":720,"height":360,"url":"https:\/\/storage.googleapis.com\/smartphoto-express-production-wp-blogs-com\/12\/2023\/09\/edit1.jpg","type":"image\/jpeg"}],"author":"malin","twitter_card":"summary_large_image","twitter_misc":{"Written by":"malin","Est. reading time":"3 minutes"},"schema":{"@context":"https:\/\/schema.org","@graph":[{"@type":"WebPage","@id":"https:\/\/www.smartphoto.fi\/blogi\/syksy-on-saapunut-nain-teet-koti-illastasi-tunnelmallisen","url":"https:\/\/www.smartphoto.fi\/blogi\/syksy-on-saapunut-nain-teet-koti-illastasi-tunnelmallisen","name":"Syksy on saapunut \u2013 n\u00e4in teet koti-illastasi tunnelmallisen - smartblogi Inspiraatio - Kuvavinkit - DIY","isPartOf":{"@id":"https:\/\/www.smartphoto.fi\/blogi\/#website"},"primaryImageOfPage":{"@id":"https:\/\/www.smartphoto.fi\/blogi\/syksy-on-saapunut-nain-teet-koti-illastasi-tunnelmallisen#primaryimage"},"image":{"@id":"https:\/\/www.smartphoto.fi\/blogi\/syksy-on-saapunut-nain-teet-koti-illastasi-tunnelmallisen#primaryimage"},"thumbnailUrl":"https:\/\/storage.googleapis.com\/smartphoto-express-production-wp-blogs-com\/12\/2023\/09\/edit1.jpg","datePublished":"2023-09-28T13:34:56+00:00","dateModified":"2023-09-28T13:35:00+00:00","author":{"@id":"https:\/\/www.smartphoto.fi\/blogi\/#\/schema\/person\/e1dc42bb049711d76629e918c4f13253"},"description":"Illat pimenev\u00e4t ja l\u00e4mp\u00f6tila laskee \u2013 syksy on t\u00e4\u00e4ll\u00e4 taas. Monille syksyn tulo saattaa tarkoittaa enemm\u00e4n aikaa kotioloissa kun kes\u00e4n j\u00e4lkeen pimeys ja kylmyys yll\u00e4tt\u00e4v\u00e4t. Rauhalliset koti-illat ovat usein tervetulleita hektisen ty\u00f6arjen l\u00e4htiess\u00e4 k\u00e4yntiin kes\u00e4n j\u00e4lkeen.","breadcrumb":{"@id":"https:\/\/www.smartphoto.fi\/blogi\/syksy-on-saapunut-nain-teet-koti-illastasi-tunnelmallisen#breadcrumb"},"inLanguage":"fi","potentialAction":[{"@type":"ReadAction","target":["https:\/\/www.smartphoto.fi\/blogi\/syksy-on-saapunut-nain-teet-koti-illastasi-tunnelmallisen"]}]},{"@type":"ImageObject","inLanguage":"fi","@id":"https:\/\/www.smartphoto.fi\/blogi\/syksy-on-saapunut-nain-teet-koti-illastasi-tunnelmallisen#primaryimage","url":"https:\/\/storage.googleapis.com\/smartphoto-express-production-wp-blogs-com\/12\/2023\/09\/edit1.jpg","contentUrl":"https:\/\/storage.googleapis.com\/smartphoto-express-production-wp-blogs-com\/12\/2023\/09\/edit1.jpg","width":720,"height":360},{"@type":"BreadcrumbList","@id":"https:\/\/www.smartphoto.fi\/blogi\/syksy-on-saapunut-nain-teet-koti-illastasi-tunnelmallisen#breadcrumb","itemListElement":[{"@type":"ListItem","position":1,"name":"Home","item":"\/blogi\/"},{"@type":"ListItem","position":2,"name":"Syksy on saapunut \u2013 n\u00e4in teet koti-illastasi tunnelmallisen"}]},{"@type":"WebSite","@id":"https:\/\/www.smartphoto.fi\/blogi\/#website","url":"https:\/\/www.smartphoto.fi\/blogi\/","name":"smartblogi Inspiraatio - Kuvavinkit - DIY","description":"smartblogi Inspiraatio - Kuvavinkit - DIY","potentialAction":[{"@type":"SearchAction","target":{"@type":"EntryPoint","urlTemplate":"https:\/\/www.smartphoto.fi\/blogi\/?s={search_term_string}"},"query-input":{"@type":"PropertyValueSpecification","valueRequired":true,"valueName":"search_term_string"}}],"inLanguage":"fi"},{"@type":"Person","@id":"https:\/\/www.smartphoto.fi\/blogi\/#\/schema\/person\/e1dc42bb049711d76629e918c4f13253","name":"malin","image":{"@type":"ImageObject","inLanguage":"fi","@id":"https:\/\/www.smartphoto.fi\/blogi\/#\/schema\/person\/image\/","url":"https:\/\/secure.gravatar.com\/avatar\/61a2151c3145e8a9525d5c3c0dac91c6?s=96&d=mm&r=g","contentUrl":"https:\/\/secure.gravatar.com\/avatar\/61a2151c3145e8a9525d5c3c0dac91c6?s=96&d=mm&r=g","caption":"malin"},"url":"https:\/\/www.smartphoto.fi\/blogi\/author\/malin"}]}},"_links":{"self":[{"href":"https:\/\/www.smartphoto.fi\/blogi\/wp-json\/wp\/v2\/posts\/7929","targetHints":{"allow":["GET"]}}],"collection":[{"href":"https:\/\/www.smartphoto.fi\/blogi\/wp-json\/wp\/v2\/posts"}],"about":[{"href":"https:\/\/www.smartphoto.fi\/blogi\/wp-json\/wp\/v2\/types\/post"}],"author":[{"embeddable":true,"href":"https:\/\/www.smartphoto.fi\/blogi\/wp-json\/wp\/v2\/users\/43"}],"replies":[{"embeddable":true,"href":"https:\/\/www.smartphoto.fi\/blogi\/wp-json\/wp\/v2\/comments?post=7929"}],"version-history":[{"count":1,"href":"https:\/\/www.smartphoto.fi\/blogi\/wp-json\/wp\/v2\/posts\/7929\/revisions"}],"predecessor-version":[{"id":7930,"href":"https:\/\/www.smartphoto.fi\/blogi\/wp-json\/wp\/v2\/posts\/7929\/revisions\/7930"}],"wp:featuredmedia":[{"embeddable":true,"href":"https:\/\/www.smartphoto.fi\/blogi\/wp-json\/wp\/v2\/media\/7925"}],"wp:attachment":[{"href":"https:\/\/www.smartphoto.fi\/blogi\/wp-json\/wp\/v2\/media?parent=7929"}],"wp:term":[{"taxonomy":"category","embeddable":true,"href":"https:\/\/www.smartphoto.fi\/blogi\/wp-json\/wp\/v2\/categories?post=7929"},{"taxonomy":"post_tag","embeddable":true,"href":"https:\/\/www.smartphoto.fi\/blogi\/wp-json\/wp\/v2\/tags?post=7929"}],"curies":[{"name":"wp","href":"https:\/\/api.w.org\/{rel}","templated":true}]}}